{"id":37318,"date":"2025-09-16T17:47:44","date_gmt":"2025-09-16T17:47:44","guid":{"rendered":"https:\/\/cnctulua.tv\/?p=37318"},"modified":"2025-09-16T17:47:44","modified_gmt":"2025-09-16T17:47:44","slug":"inversion-de-20-mil-millones-para-rehabilitar-la-via-panorama-entre-riofrio-y-bolivar","status":"publish","type":"post","link":"https:\/\/cnctulua.tv\/?p=37318","title":{"rendered":"Inversi\u00f3n de $20 mil millones para rehabilitar la v\u00eda Panorama entre Riofr\u00edo y Bol\u00edvar."},"content":{"rendered":"\n<p>La Gobernaci\u00f3n del Valle del Cauca anunci\u00f3 una inversi\u00f3n de 20 mil millones de pesos para la rehabilitaci\u00f3n de la v\u00eda Panorama, uno de los corredores viales m\u00e1s importantes del departamento. La convocatoria para las obras se abrir\u00e1 el pr\u00f3ximo 26 de septiembre y se priorizar\u00e1n los tramos m\u00e1s deteriorados entre los municipios de Riofr\u00edo y Bol\u00edvar.<\/p>\n\n\n\n<figure class=\"wp-block-embed is-type-video is-provider-youtube wp-block-embed-youtube wp-embed-aspect-16-9 wp-has-aspect-ratio\"><div class=\"wp-block-embed__wrapper\">\n<iframe loading=\"lazy\" title=\"\ud83d\udea7 M\u00e1s de $20 mil millones ser\u00e1n invertidos para rehabilitar la v\u00eda Panorama entre Riofr\u00edo y Bol\u00edvar.\" width=\"640\" height=\"360\" src=\"https:\/\/www.youtube.com\/embed\/nc_ngN8M5do?feature=oembed\" frameborder=\"0\" allow=\"accelerometer; autoplay; clipboard-write; encrypted-media; gyroscope; picture-in-picture; web-share\" referrerpolicy=\"strict-origin-when-cross-origin\" allowfullscreen><\/iframe>\n<\/div><\/figure>\n\n\n\n<p>Seg\u00fan el cronograma, los trabajos se adjudicar\u00e1n en noviembre y comenzar\u00e1n en diciembre, con un plazo de ejecuci\u00f3n de 12 meses. La intervenci\u00f3n busca mejorar la movilidad, garantizar seguridad vial y reducir los accidentes en este corredor clave para el transporte agr\u00edcola y de pasajeros en la regi\u00f3n.<\/p>\n\n\n\n<p>Autoridades locales y representantes del Inv\u00edas destacaron la importancia del proyecto, que responde a una necesidad hist\u00f3rica de la comunidad del centro y norte del Valle del Cauca.<\/p>\n","protected":false},"excerpt":{"rendered":"<p>La Gobernaci\u00f3n del Valle del Cauca anunci\u00f3 una inversi\u00f3n de 20 mil millones de pesos para la rehabilitaci\u00f3n de la v\u00eda Panorama, uno de los corredores viales m\u00e1s importantes del departamento. La convocatoria para las obras se abrir\u00e1 el pr\u00f3ximo 26 de septiembre y se priorizar\u00e1n los tramos m\u00e1s deteriorados entre los municipios de Riofr\u00edo [&hellip;]<\/p>\n","protected":false},"author":3,"featured_media":37357,"comment_status":"open","ping_status":"open","sticky":false,"template":"","format":"video","meta":{"footnotes":""},"categories":[10,1515],"tags":[],"class_list":["post-37318","post","type-post","status-publish","format-video","has-post-thumbnail","hentry","category-cnc-noticias-tulua","category-cnc-tulua","post_format-post-format-video"],"_links":{"self":[{"href":"https:\/\/cnctulua.tv\/index.php?rest_route=\/wp\/v2\/posts\/37318","targetHints":{"allow":["GET"]}}],"collection":[{"href":"https:\/\/cnctulua.tv\/index.php?rest_route=\/wp\/v2\/posts"}],"about":[{"href":"https:\/\/cnctulua.tv\/index.php?rest_route=\/wp\/v2\/types\/post"}],"author":[{"embeddable":true,"href":"https:\/\/cnctulua.tv\/index.php?rest_route=\/wp\/v2\/users\/3"}],"replies":[{"embeddable":true,"href":"https:\/\/cnctulua.tv\/index.php?rest_route=%2Fwp%2Fv2%2Fcomments&post=37318"}],"version-history":[{"count":1,"href":"https:\/\/cnctulua.tv\/index.php?rest_route=\/wp\/v2\/posts\/37318\/revisions"}],"predecessor-version":[{"id":37361,"href":"https:\/\/cnctulua.tv\/index.php?rest_route=\/wp\/v2\/posts\/37318\/revisions\/37361"}],"wp:featuredmedia":[{"embeddable":true,"href":"https:\/\/cnctulua.tv\/index.php?rest_route=\/wp\/v2\/media\/37357"}],"wp:attachment":[{"href":"https:\/\/cnctulua.tv\/index.php?rest_route=%2Fwp%2Fv2%2Fmedia&parent=37318"}],"wp:term":[{"taxonomy":"category","embeddable":true,"href":"https:\/\/cnctulua.tv\/index.php?rest_route=%2Fwp%2Fv2%2Fcategories&post=37318"},{"taxonomy":"post_tag","embeddable":true,"href":"https:\/\/cnctulua.tv\/index.php?rest_route=%2Fwp%2Fv2%2Ftags&post=37318"}],"curies":[{"name":"wp","href":"https:\/\/api.w.org\/{rel}","templated":true}]}}