{"id":37320,"date":"2025-09-16T17:19:22","date_gmt":"2025-09-16T17:19:22","guid":{"rendered":"https:\/\/cnctulua.tv\/?p=37320"},"modified":"2025-09-16T17:19:22","modified_gmt":"2025-09-16T17:19:22","slug":"cofinanciacion-del-tren-de-cercanias-estaria-lista-en-octubre","status":"publish","type":"post","link":"https:\/\/cnctulua.tv\/?p=37320","title":{"rendered":"Cofinanciaci\u00f3n del Tren de Cercan\u00edas estar\u00eda lista en octubre."},"content":{"rendered":"\n<p>La gobernadora del Valle del Cauca, Dilian Francisca Toro, anunci\u00f3 que en octubre se contar\u00e1 con la cofinanciaci\u00f3n del Tren de Cercan\u00edas, un proyecto considerado estrat\u00e9gico para la movilidad y el desarrollo econ\u00f3mico de la regi\u00f3n.<\/p>\n\n\n\n<figure class=\"wp-block-embed is-type-video is-provider-youtube wp-block-embed-youtube wp-embed-aspect-16-9 wp-has-aspect-ratio\"><div class=\"wp-block-embed__wrapper\">\n<iframe loading=\"lazy\" title=\"\ud83d\ude86 Tren de Cercan\u00edas: Gobernadora anuncia cofinanciaci\u00f3n en octubre.\" width=\"640\" height=\"360\" src=\"https:\/\/www.youtube.com\/embed\/Q14w0tZld-k?feature=oembed\" frameborder=\"0\" allow=\"accelerometer; autoplay; clipboard-write; encrypted-media; gyroscope; picture-in-picture; web-share\" referrerpolicy=\"strict-origin-when-cross-origin\" allowfullscreen><\/iframe>\n<\/div><\/figure>\n\n\n\n<p>De acuerdo con lo confirmado, el Gobierno Nacional asumir\u00e1 el 70% de la financiaci\u00f3n, mientras que la Gobernaci\u00f3n del Valle y las alcald\u00edas aportar\u00e1n el 30% restante.<\/p>\n\n\n\n<p>Toro explic\u00f3 que el proyecto, de car\u00e1cter el\u00e9ctrico y sostenible, busca reducir los tiempos de viaje entre Jamund\u00ed y Cali, adem\u00e1s de mejorar la calidad de vida, generar empleo y fortalecer la competitividad.<\/p>\n\n\n\n<p>La mandataria recalc\u00f3 que ya se tienen listos los estudios t\u00e9cnicos y los recursos locales, pero es fundamental lograr la firma antes del 9 de noviembre, cuando entra en vigencia la Ley de Garant\u00edas, que limita la ejecuci\u00f3n de convenios.<\/p>\n\n\n\n<p>\u201cEl compromiso es seguir gestionando para que el Tren de Cercan\u00edas sea una realidad para los vallecaucanos\u201d, puntualiz\u00f3 la gobernadora.<\/p>\n","protected":false},"excerpt":{"rendered":"<p>La gobernadora del Valle del Cauca, Dilian Francisca Toro, anunci\u00f3 que en octubre se contar\u00e1 con la cofinanciaci\u00f3n del Tren de Cercan\u00edas, un proyecto considerado estrat\u00e9gico para la movilidad y el desarrollo econ\u00f3mico de la regi\u00f3n. De acuerdo con lo confirmado, el Gobierno Nacional asumir\u00e1 el 70% de la financiaci\u00f3n, mientras que la Gobernaci\u00f3n del [&hellip;]<\/p>\n","protected":false},"author":3,"featured_media":37352,"comment_status":"open","ping_status":"open","sticky":false,"template":"","format":"video","meta":{"footnotes":""},"categories":[10,1515],"tags":[],"class_list":["post-37320","post","type-post","status-publish","format-video","has-post-thumbnail","hentry","category-cnc-noticias-tulua","category-cnc-tulua","post_format-post-format-video"],"_links":{"self":[{"href":"https:\/\/cnctulua.tv\/index.php?rest_route=\/wp\/v2\/posts\/37320","targetHints":{"allow":["GET"]}}],"collection":[{"href":"https:\/\/cnctulua.tv\/index.php?rest_route=\/wp\/v2\/posts"}],"about":[{"href":"https:\/\/cnctulua.tv\/index.php?rest_route=\/wp\/v2\/types\/post"}],"author":[{"embeddable":true,"href":"https:\/\/cnctulua.tv\/index.php?rest_route=\/wp\/v2\/users\/3"}],"replies":[{"embeddable":true,"href":"https:\/\/cnctulua.tv\/index.php?rest_route=%2Fwp%2Fv2%2Fcomments&post=37320"}],"version-history":[{"count":1,"href":"https:\/\/cnctulua.tv\/index.php?rest_route=\/wp\/v2\/posts\/37320\/revisions"}],"predecessor-version":[{"id":37353,"href":"https:\/\/cnctulua.tv\/index.php?rest_route=\/wp\/v2\/posts\/37320\/revisions\/37353"}],"wp:featuredmedia":[{"embeddable":true,"href":"https:\/\/cnctulua.tv\/index.php?rest_route=\/wp\/v2\/media\/37352"}],"wp:attachment":[{"href":"https:\/\/cnctulua.tv\/index.php?rest_route=%2Fwp%2Fv2%2Fmedia&parent=37320"}],"wp:term":[{"taxonomy":"category","embeddable":true,"href":"https:\/\/cnctulua.tv\/index.php?rest_route=%2Fwp%2Fv2%2Fcategories&post=37320"},{"taxonomy":"post_tag","embeddable":true,"href":"https:\/\/cnctulua.tv\/index.php?rest_route=%2Fwp%2Fv2%2Ftags&post=37320"}],"curies":[{"name":"wp","href":"https:\/\/api.w.org\/{rel}","templated":true}]}}