{"id":37328,"date":"2025-09-16T16:01:26","date_gmt":"2025-09-16T16:01:26","guid":{"rendered":"https:\/\/cnctulua.tv\/?p=37328"},"modified":"2025-09-16T16:01:26","modified_gmt":"2025-09-16T16:01:26","slug":"capacitacion-gratuita-en-prevencion-vial-para-la-comunidad-del-barrio-victoria","status":"publish","type":"post","link":"https:\/\/cnctulua.tv\/?p=37328","title":{"rendered":"Capacitaci\u00f3n gratuita en prevenci\u00f3n vial para la comunidad del barrio Victoria."},"content":{"rendered":"\n<p>La Junta de Acci\u00f3n Comunal del barrio Victoria anunci\u00f3 el inicio de un programa de formaci\u00f3n en normas de tr\u00e1nsito, orientado por el SENA. Las jornadas, que comienzan este mi\u00e9rcoles, est\u00e1n dirigidas a toda la comunidad: peatones, motociclistas y conductores. Ser\u00e1n 50 horas de capacitaci\u00f3n gratuita en las que los participantes recibir\u00e1n informaci\u00f3n sobre cultura ciudadana y movilidad segura.<\/p>\n\n\n\n<figure class=\"wp-block-embed is-type-video is-provider-youtube wp-block-embed-youtube wp-embed-aspect-16-9 wp-has-aspect-ratio\"><div class=\"wp-block-embed__wrapper\">\n<iframe loading=\"lazy\" title=\"\ud83d\udea6 \u00a1Atenci\u00f3n comunidad del barrio Victoria! La JAC del barrio Victoria invita a capacitaci\u00f3n vial. \ud83d\udc65\" width=\"640\" height=\"360\" src=\"https:\/\/www.youtube.com\/embed\/Uz8dG3ebUUU?feature=oembed\" frameborder=\"0\" allow=\"accelerometer; autoplay; clipboard-write; encrypted-media; gyroscope; picture-in-picture; web-share\" referrerpolicy=\"strict-origin-when-cross-origin\" allowfullscreen><\/iframe>\n<\/div><\/figure>\n\n\n\n<p>El presidente de la JAC, Luis Eduardo Ayala, indic\u00f3 que las sesiones se realizar\u00e1n cada mi\u00e9rcoles a las 6:00 p.m. en el sal\u00f3n comunal frente a Comfandi. Adem\u00e1s, los agentes de tr\u00e1nsito estar\u00e1n presentes para explicar la normatividad vigente y resolver dudas de los asistentes.<\/p>\n\n\n\n<p>El objetivo de este espacio es que los ciudadanos conozcan y apliquen las normas viales, evitando infracciones y contribuyendo a una movilidad m\u00e1s segura en Tulu\u00e1.<\/p>\n","protected":false},"excerpt":{"rendered":"<p>La Junta de Acci\u00f3n Comunal del barrio Victoria anunci\u00f3 el inicio de un programa de formaci\u00f3n en normas de tr\u00e1nsito, orientado por el SENA. Las jornadas, que comienzan este mi\u00e9rcoles, est\u00e1n dirigidas a toda la comunidad: peatones, motociclistas y conductores. Ser\u00e1n 50 horas de capacitaci\u00f3n gratuita en las que los participantes recibir\u00e1n informaci\u00f3n sobre cultura [&hellip;]<\/p>\n","protected":false},"author":3,"featured_media":37334,"comment_status":"open","ping_status":"open","sticky":false,"template":"","format":"video","meta":{"footnotes":""},"categories":[10,1515],"tags":[],"class_list":["post-37328","post","type-post","status-publish","format-video","has-post-thumbnail","hentry","category-cnc-noticias-tulua","category-cnc-tulua","post_format-post-format-video"],"_links":{"self":[{"href":"https:\/\/cnctulua.tv\/index.php?rest_route=\/wp\/v2\/posts\/37328","targetHints":{"allow":["GET"]}}],"collection":[{"href":"https:\/\/cnctulua.tv\/index.php?rest_route=\/wp\/v2\/posts"}],"about":[{"href":"https:\/\/cnctulua.tv\/index.php?rest_route=\/wp\/v2\/types\/post"}],"author":[{"embeddable":true,"href":"https:\/\/cnctulua.tv\/index.php?rest_route=\/wp\/v2\/users\/3"}],"replies":[{"embeddable":true,"href":"https:\/\/cnctulua.tv\/index.php?rest_route=%2Fwp%2Fv2%2Fcomments&post=37328"}],"version-history":[{"count":1,"href":"https:\/\/cnctulua.tv\/index.php?rest_route=\/wp\/v2\/posts\/37328\/revisions"}],"predecessor-version":[{"id":37335,"href":"https:\/\/cnctulua.tv\/index.php?rest_route=\/wp\/v2\/posts\/37328\/revisions\/37335"}],"wp:featuredmedia":[{"embeddable":true,"href":"https:\/\/cnctulua.tv\/index.php?rest_route=\/wp\/v2\/media\/37334"}],"wp:attachment":[{"href":"https:\/\/cnctulua.tv\/index.php?rest_route=%2Fwp%2Fv2%2Fmedia&parent=37328"}],"wp:term":[{"taxonomy":"category","embeddable":true,"href":"https:\/\/cnctulua.tv\/index.php?rest_route=%2Fwp%2Fv2%2Fcategories&post=37328"},{"taxonomy":"post_tag","embeddable":true,"href":"https:\/\/cnctulua.tv\/index.php?rest_route=%2Fwp%2Fv2%2Ftags&post=37328"}],"curies":[{"name":"wp","href":"https:\/\/api.w.org\/{rel}","templated":true}]}}