{"id":37365,"date":"2025-09-17T14:51:12","date_gmt":"2025-09-17T14:51:12","guid":{"rendered":"https:\/\/cnctulua.tv\/?p=37365"},"modified":"2025-09-17T14:51:12","modified_gmt":"2025-09-17T14:51:12","slug":"724-jovenes-del-valle-se-graduan-como-programadores-de-software","status":"publish","type":"post","link":"https:\/\/cnctulua.tv\/?p=37365","title":{"rendered":"724 j\u00f3venes del Valle se grad\u00faan como programadores de software."},"content":{"rendered":"\n<p>Un total de 724 j\u00f3venes provenientes de 39 municipios del Valle del Cauca culminaron el programa \u201cJ\u00f3venes Programadores de Software\u201d, desarrollado por la Gobernaci\u00f3n en alianza con Fedesoft y el Polit\u00e9cnico PIO.<\/p>\n\n\n\n<figure class=\"wp-block-embed is-type-video is-provider-youtube wp-block-embed-youtube wp-embed-aspect-16-9 wp-has-aspect-ratio\"><div class=\"wp-block-embed__wrapper\">\n<iframe loading=\"lazy\" title=\"\ud83c\udf93\u2728 \u00a1Son 724 los nuevos programadores del Valle!\" width=\"640\" height=\"360\" src=\"https:\/\/www.youtube.com\/embed\/aJclSZcpYOY?feature=oembed\" frameborder=\"0\" allow=\"accelerometer; autoplay; clipboard-write; encrypted-media; gyroscope; picture-in-picture; web-share\" referrerpolicy=\"strict-origin-when-cross-origin\" allowfullscreen><\/iframe>\n<\/div><\/figure>\n\n\n\n<p>Los participantes recibieron formaci\u00f3n t\u00e9cnica, acompa\u00f1amiento psicosocial y realizaron pr\u00e1cticas en entidades p\u00fablicas y privadas. Algunos beneficiarios ya se encuentran vinculados laboralmente en el departamento, en Bogot\u00e1 e incluso en empresas internacionales.<\/p>\n\n\n\n<figure class=\"wp-block-image size-large\"><img loading=\"lazy\" decoding=\"async\" width=\"1024\" height=\"473\" src=\"https:\/\/cnctulua.tv\/wp-content\/uploads\/2025\/09\/apoyos-GRADUAN-PROGRAMADORES-2-1-1024x473.jpeg\" alt=\"\" class=\"wp-image-37378\" srcset=\"https:\/\/cnctulua.tv\/wp-content\/uploads\/2025\/09\/apoyos-GRADUAN-PROGRAMADORES-2-1-1024x473.jpeg 1024w, https:\/\/cnctulua.tv\/wp-content\/uploads\/2025\/09\/apoyos-GRADUAN-PROGRAMADORES-2-1-300x139.jpeg 300w, https:\/\/cnctulua.tv\/wp-content\/uploads\/2025\/09\/apoyos-GRADUAN-PROGRAMADORES-2-1-768x355.jpeg 768w, https:\/\/cnctulua.tv\/wp-content\/uploads\/2025\/09\/apoyos-GRADUAN-PROGRAMADORES-2-1.jpeg 1280w\" sizes=\"auto, (max-width: 1024px) 100vw, 1024px\" \/><\/figure>\n\n\n\n<p>La gobernadora Dilian Francisca Toro destac\u00f3 que el programa responde a la necesidad de generar oportunidades reales de formaci\u00f3n y empleo: \u201cEs importante darle a los j\u00f3venes acceso a programas que demanda el mercado laboral y que les permitan construir su futuro\u201d.<\/p>\n\n\n\n<p>La iniciativa tambi\u00e9n entreg\u00f3 equipos tecnol\u00f3gicos a 150 estudiantes, eliminando barreras de acceso y facilitando el proceso formativo.<\/p>\n","protected":false},"excerpt":{"rendered":"<p>Un total de 724 j\u00f3venes provenientes de 39 municipios del Valle del Cauca culminaron el programa \u201cJ\u00f3venes Programadores de Software\u201d, desarrollado por la Gobernaci\u00f3n en alianza con Fedesoft y el Polit\u00e9cnico PIO. Los participantes recibieron formaci\u00f3n t\u00e9cnica, acompa\u00f1amiento psicosocial y realizaron pr\u00e1cticas en entidades p\u00fablicas y privadas. Algunos beneficiarios ya se encuentran vinculados laboralmente en [&hellip;]<\/p>\n","protected":false},"author":3,"featured_media":37377,"comment_status":"open","ping_status":"open","sticky":false,"template":"","format":"video","meta":{"footnotes":""},"categories":[10,1515],"tags":[],"class_list":["post-37365","post","type-post","status-publish","format-video","has-post-thumbnail","hentry","category-cnc-noticias-tulua","category-cnc-tulua","post_format-post-format-video"],"_links":{"self":[{"href":"https:\/\/cnctulua.tv\/index.php?rest_route=\/wp\/v2\/posts\/37365","targetHints":{"allow":["GET"]}}],"collection":[{"href":"https:\/\/cnctulua.tv\/index.php?rest_route=\/wp\/v2\/posts"}],"about":[{"href":"https:\/\/cnctulua.tv\/index.php?rest_route=\/wp\/v2\/types\/post"}],"author":[{"embeddable":true,"href":"https:\/\/cnctulua.tv\/index.php?rest_route=\/wp\/v2\/users\/3"}],"replies":[{"embeddable":true,"href":"https:\/\/cnctulua.tv\/index.php?rest_route=%2Fwp%2Fv2%2Fcomments&post=37365"}],"version-history":[{"count":1,"href":"https:\/\/cnctulua.tv\/index.php?rest_route=\/wp\/v2\/posts\/37365\/revisions"}],"predecessor-version":[{"id":37379,"href":"https:\/\/cnctulua.tv\/index.php?rest_route=\/wp\/v2\/posts\/37365\/revisions\/37379"}],"wp:featuredmedia":[{"embeddable":true,"href":"https:\/\/cnctulua.tv\/index.php?rest_route=\/wp\/v2\/media\/37377"}],"wp:attachment":[{"href":"https:\/\/cnctulua.tv\/index.php?rest_route=%2Fwp%2Fv2%2Fmedia&parent=37365"}],"wp:term":[{"taxonomy":"category","embeddable":true,"href":"https:\/\/cnctulua.tv\/index.php?rest_route=%2Fwp%2Fv2%2Fcategories&post=37365"},{"taxonomy":"post_tag","embeddable":true,"href":"https:\/\/cnctulua.tv\/index.php?rest_route=%2Fwp%2Fv2%2Ftags&post=37365"}],"curies":[{"name":"wp","href":"https:\/\/api.w.org\/{rel}","templated":true}]}}