{"id":37368,"date":"2025-09-17T17:03:24","date_gmt":"2025-09-17T17:03:24","guid":{"rendered":"https:\/\/cnctulua.tv\/?p=37368"},"modified":"2025-09-17T17:03:24","modified_gmt":"2025-09-17T17:03:24","slug":"alcalde-de-tulua-acompano-lanzamiento-de-valle-cafe-2025","status":"publish","type":"post","link":"https:\/\/cnctulua.tv\/?p=37368","title":{"rendered":"Alcalde de Tulu\u00e1 acompa\u00f1\u00f3 lanzamiento de Valle Caf\u00e9 2025."},"content":{"rendered":"\n<p>El alcalde de Tulu\u00e1, Gustavo V\u00e9lez Rom\u00e1n, particip\u00f3 en el lanzamiento de Valle Caf\u00e9 2025, una estrategia que beneficiar\u00e1 a m\u00e1s de 1.800 familias productoras de caf\u00e9 en el Valle del Cauca.<\/p>\n\n\n\n<figure class=\"wp-block-embed is-type-video is-provider-youtube wp-block-embed-youtube wp-embed-aspect-16-9 wp-has-aspect-ratio\"><div class=\"wp-block-embed__wrapper\">\n<iframe loading=\"lazy\" title=\"Valle Caf\u00e9 2025 apoyar\u00e1 a 1.800 familias cafeteras. \ud83c\udf31\u2615\" width=\"640\" height=\"360\" src=\"https:\/\/www.youtube.com\/embed\/qQphfdwKADg?feature=oembed\" frameborder=\"0\" allow=\"accelerometer; autoplay; clipboard-write; encrypted-media; gyroscope; picture-in-picture; web-share\" referrerpolicy=\"strict-origin-when-cross-origin\" allowfullscreen><\/iframe>\n<\/div><\/figure>\n\n\n\n<p>El evento, liderado por la Gobernaci\u00f3n del Valle y el Comit\u00e9 de Cafeteros, cont\u00f3 con la participaci\u00f3n de la gobernadora Dilian Francisca Toro y de representantes de la Federaci\u00f3n Nacional de Cafeteros, quienes destacaron la importancia del sector en la econom\u00eda regional.<\/p>\n\n\n\n<p>Durante su intervenci\u00f3n, el mandatario local resalt\u00f3 que en Tulu\u00e1 alrededor de 1.600 familias dependen de este cultivo como sustento, por lo que los esfuerzos para mejorar la caficultura, a trav\u00e9s de insumos, convenios y programas de recuperaci\u00f3n de cafetales, resultan determinantes para la calidad de vida de los campesinos.<\/p>\n\n\n\n<p>V\u00e9lez Rom\u00e1n tambi\u00e9n record\u00f3 el trabajo adelantado en la zona rural del municipio con la recuperaci\u00f3n de bancas de v\u00eda, la entrega de insumos y el mantenimiento de los 500 kil\u00f3metros de carreteras rurales a cargo del municipio. Estas obras incluyen cunetas, gaviones y muros de contenci\u00f3n que permiten garantizar la estabilidad de las v\u00edas y facilitar el transporte de productos agr\u00edcolas.<\/p>\n","protected":false},"excerpt":{"rendered":"<p>El alcalde de Tulu\u00e1, Gustavo V\u00e9lez Rom\u00e1n, particip\u00f3 en el lanzamiento de Valle Caf\u00e9 2025, una estrategia que beneficiar\u00e1 a m\u00e1s de 1.800 familias productoras de caf\u00e9 en el Valle del Cauca. El evento, liderado por la Gobernaci\u00f3n del Valle y el Comit\u00e9 de Cafeteros, cont\u00f3 con la participaci\u00f3n de la gobernadora Dilian Francisca Toro [&hellip;]<\/p>\n","protected":false},"author":3,"featured_media":37394,"comment_status":"open","ping_status":"open","sticky":false,"template":"","format":"video","meta":{"footnotes":""},"categories":[10,1515],"tags":[],"class_list":["post-37368","post","type-post","status-publish","format-video","has-post-thumbnail","hentry","category-cnc-noticias-tulua","category-cnc-tulua","post_format-post-format-video"],"_links":{"self":[{"href":"https:\/\/cnctulua.tv\/index.php?rest_route=\/wp\/v2\/posts\/37368","targetHints":{"allow":["GET"]}}],"collection":[{"href":"https:\/\/cnctulua.tv\/index.php?rest_route=\/wp\/v2\/posts"}],"about":[{"href":"https:\/\/cnctulua.tv\/index.php?rest_route=\/wp\/v2\/types\/post"}],"author":[{"embeddable":true,"href":"https:\/\/cnctulua.tv\/index.php?rest_route=\/wp\/v2\/users\/3"}],"replies":[{"embeddable":true,"href":"https:\/\/cnctulua.tv\/index.php?rest_route=%2Fwp%2Fv2%2Fcomments&post=37368"}],"version-history":[{"count":1,"href":"https:\/\/cnctulua.tv\/index.php?rest_route=\/wp\/v2\/posts\/37368\/revisions"}],"predecessor-version":[{"id":37397,"href":"https:\/\/cnctulua.tv\/index.php?rest_route=\/wp\/v2\/posts\/37368\/revisions\/37397"}],"wp:featuredmedia":[{"embeddable":true,"href":"https:\/\/cnctulua.tv\/index.php?rest_route=\/wp\/v2\/media\/37394"}],"wp:attachment":[{"href":"https:\/\/cnctulua.tv\/index.php?rest_route=%2Fwp%2Fv2%2Fmedia&parent=37368"}],"wp:term":[{"taxonomy":"category","embeddable":true,"href":"https:\/\/cnctulua.tv\/index.php?rest_route=%2Fwp%2Fv2%2Fcategories&post=37368"},{"taxonomy":"post_tag","embeddable":true,"href":"https:\/\/cnctulua.tv\/index.php?rest_route=%2Fwp%2Fv2%2Ftags&post=37368"}],"curies":[{"name":"wp","href":"https:\/\/api.w.org\/{rel}","templated":true}]}}