{"id":37371,"date":"2025-09-17T15:37:58","date_gmt":"2025-09-17T15:37:58","guid":{"rendered":"https:\/\/cnctulua.tv\/?p=37371"},"modified":"2025-09-17T15:37:58","modified_gmt":"2025-09-17T15:37:58","slug":"tulua-adelanta-licitacion-para-transporte-y-alimentacion-escolar-2026","status":"publish","type":"post","link":"https:\/\/cnctulua.tv\/?p=37371","title":{"rendered":"Tulu\u00e1 adelanta licitaci\u00f3n para transporte y alimentaci\u00f3n escolar 2026."},"content":{"rendered":"\n<p>La Alcald\u00eda de Tulu\u00e1 present\u00f3 vigencias futuras con el prop\u00f3sito de garantizar los servicios de transporte y alimentaci\u00f3n escolar desde el inicio del calendario acad\u00e9mico 2026.<\/p>\n\n\n\n<figure class=\"wp-block-embed is-type-video is-provider-youtube wp-block-embed-youtube wp-embed-aspect-16-9 wp-has-aspect-ratio\"><div class=\"wp-block-embed__wrapper\">\n<iframe loading=\"lazy\" title=\"\ud83c\udfa5 Tulu\u00e1 asegura transporte y alimentaci\u00f3n escolar 2026.\" width=\"640\" height=\"360\" src=\"https:\/\/www.youtube.com\/embed\/DnH-t3X9nDw?feature=oembed\" frameborder=\"0\" allow=\"accelerometer; autoplay; clipboard-write; encrypted-media; gyroscope; picture-in-picture; web-share\" referrerpolicy=\"strict-origin-when-cross-origin\" allowfullscreen><\/iframe>\n<\/div><\/figure>\n\n\n\n<p>De acuerdo con lo se\u00f1alado por el alcalde Gustavo Adolfo V\u00e9lez Rom\u00e1n, este tr\u00e1mite permitir\u00e1 que a mediados de enero se adjudiquen los contratos, asegurando que los estudiantes de las instituciones p\u00fablicas cuenten de manera oportuna con los beneficios.<\/p>\n\n\n\n<p>\u201cEste es un tr\u00e1mite que se debe realizar con anticipaci\u00f3n y que nos garantiza que desde el primer d\u00eda de clases los ni\u00f1os y ni\u00f1as tengan cubiertas estas necesidades\u201d, precis\u00f3 V\u00e9lez Rom\u00e1n.<\/p>\n\n\n\n<p>Con esta gesti\u00f3n, la Administraci\u00f3n busca asegurar la permanencia escolar y el bienestar de la comunidad educativa, evitando retrasos en la prestaci\u00f3n de estos servicios.<\/p>\n","protected":false},"excerpt":{"rendered":"<p>La Alcald\u00eda de Tulu\u00e1 present\u00f3 vigencias futuras con el prop\u00f3sito de garantizar los servicios de transporte y alimentaci\u00f3n escolar desde el inicio del calendario acad\u00e9mico 2026. De acuerdo con lo se\u00f1alado por el alcalde Gustavo Adolfo V\u00e9lez Rom\u00e1n, este tr\u00e1mite permitir\u00e1 que a mediados de enero se adjudiquen los contratos, asegurando que los estudiantes de [&hellip;]<\/p>\n","protected":false},"author":3,"featured_media":37381,"comment_status":"open","ping_status":"open","sticky":false,"template":"","format":"video","meta":{"footnotes":""},"categories":[10,1515],"tags":[],"class_list":["post-37371","post","type-post","status-publish","format-video","has-post-thumbnail","hentry","category-cnc-noticias-tulua","category-cnc-tulua","post_format-post-format-video"],"_links":{"self":[{"href":"https:\/\/cnctulua.tv\/index.php?rest_route=\/wp\/v2\/posts\/37371","targetHints":{"allow":["GET"]}}],"collection":[{"href":"https:\/\/cnctulua.tv\/index.php?rest_route=\/wp\/v2\/posts"}],"about":[{"href":"https:\/\/cnctulua.tv\/index.php?rest_route=\/wp\/v2\/types\/post"}],"author":[{"embeddable":true,"href":"https:\/\/cnctulua.tv\/index.php?rest_route=\/wp\/v2\/users\/3"}],"replies":[{"embeddable":true,"href":"https:\/\/cnctulua.tv\/index.php?rest_route=%2Fwp%2Fv2%2Fcomments&post=37371"}],"version-history":[{"count":1,"href":"https:\/\/cnctulua.tv\/index.php?rest_route=\/wp\/v2\/posts\/37371\/revisions"}],"predecessor-version":[{"id":37382,"href":"https:\/\/cnctulua.tv\/index.php?rest_route=\/wp\/v2\/posts\/37371\/revisions\/37382"}],"wp:featuredmedia":[{"embeddable":true,"href":"https:\/\/cnctulua.tv\/index.php?rest_route=\/wp\/v2\/media\/37381"}],"wp:attachment":[{"href":"https:\/\/cnctulua.tv\/index.php?rest_route=%2Fwp%2Fv2%2Fmedia&parent=37371"}],"wp:term":[{"taxonomy":"category","embeddable":true,"href":"https:\/\/cnctulua.tv\/index.php?rest_route=%2Fwp%2Fv2%2Fcategories&post=37371"},{"taxonomy":"post_tag","embeddable":true,"href":"https:\/\/cnctulua.tv\/index.php?rest_route=%2Fwp%2Fv2%2Ftags&post=37371"}],"curies":[{"name":"wp","href":"https:\/\/api.w.org\/{rel}","templated":true}]}}