{"id":37424,"date":"2025-09-23T15:09:36","date_gmt":"2025-09-23T15:09:36","guid":{"rendered":"https:\/\/cnctulua.tv\/?p=37424"},"modified":"2025-09-23T15:09:36","modified_gmt":"2025-09-23T15:09:36","slug":"alcaldia-de-tulua-fortalece-servicio-de-aseo-con-nueva-flota","status":"publish","type":"post","link":"https:\/\/cnctulua.tv\/?p=37424","title":{"rendered":"Alcald\u00eda de Tulu\u00e1 fortalece servicio de aseo con nueva flota."},"content":{"rendered":"\n<p>La Alcald\u00eda de Tulu\u00e1, en articulaci\u00f3n con Empresas Municipales y la compa\u00f1\u00eda Veolia, entreg\u00f3 dos nuevos camiones recolectores de basura que fortalecer\u00e1n la prestaci\u00f3n del servicio de aseo en la ciudad.<\/p>\n\n\n\n<figure class=\"wp-block-embed is-type-video is-provider-youtube wp-block-embed-youtube wp-embed-aspect-16-9 wp-has-aspect-ratio\"><div class=\"wp-block-embed__wrapper\">\n<iframe loading=\"lazy\" title=\"Tulu\u00e1 suma dos nuevos camiones para reforzar la recolecci\u00f3n de basuras\" width=\"640\" height=\"360\" src=\"https:\/\/www.youtube.com\/embed\/sb4dkcvWX_Q?feature=oembed\" frameborder=\"0\" allow=\"accelerometer; autoplay; clipboard-write; encrypted-media; gyroscope; picture-in-picture; web-share\" referrerpolicy=\"strict-origin-when-cross-origin\" allowfullscreen><\/iframe>\n<\/div><\/figure>\n\n\n\n<p>Con esta adquisici\u00f3n, el alcalde Gustavo V\u00e9lez completa cinco veh\u00edculos puestos al servicio de la comunidad durante su administraci\u00f3n, alcanzando un total de once camiones recolectores en operaci\u00f3n.<\/p>\n\n\n\n<p>Seg\u00fan la administraci\u00f3n, esta ampliaci\u00f3n de la flota permitir\u00e1 optimizar las rutas de recolecci\u00f3n, mejorar la cobertura en diferentes sectores del municipio y atender con mayor eficiencia las necesidades de los ciudadanos.<\/p>\n\n\n\n<p>Los recursos para estas adquisiciones provienen de las utilidades generadas por Veolia, reinvertidas en el fortalecimiento de la capacidad operativa y en el mejoramiento de los servicios p\u00fablicos de Tulu\u00e1.<\/p>\n","protected":false},"excerpt":{"rendered":"<p>La Alcald\u00eda de Tulu\u00e1, en articulaci\u00f3n con Empresas Municipales y la compa\u00f1\u00eda Veolia, entreg\u00f3 dos nuevos camiones recolectores de basura que fortalecer\u00e1n la prestaci\u00f3n del servicio de aseo en la ciudad. Con esta adquisici\u00f3n, el alcalde Gustavo V\u00e9lez completa cinco veh\u00edculos puestos al servicio de la comunidad durante su administraci\u00f3n, alcanzando un total de once [&hellip;]<\/p>\n","protected":false},"author":3,"featured_media":37432,"comment_status":"open","ping_status":"open","sticky":false,"template":"","format":"video","meta":{"footnotes":""},"categories":[10,1515],"tags":[],"class_list":["post-37424","post","type-post","status-publish","format-video","has-post-thumbnail","hentry","category-cnc-noticias-tulua","category-cnc-tulua","post_format-post-format-video"],"_links":{"self":[{"href":"https:\/\/cnctulua.tv\/index.php?rest_route=\/wp\/v2\/posts\/37424","targetHints":{"allow":["GET"]}}],"collection":[{"href":"https:\/\/cnctulua.tv\/index.php?rest_route=\/wp\/v2\/posts"}],"about":[{"href":"https:\/\/cnctulua.tv\/index.php?rest_route=\/wp\/v2\/types\/post"}],"author":[{"embeddable":true,"href":"https:\/\/cnctulua.tv\/index.php?rest_route=\/wp\/v2\/users\/3"}],"replies":[{"embeddable":true,"href":"https:\/\/cnctulua.tv\/index.php?rest_route=%2Fwp%2Fv2%2Fcomments&post=37424"}],"version-history":[{"count":1,"href":"https:\/\/cnctulua.tv\/index.php?rest_route=\/wp\/v2\/posts\/37424\/revisions"}],"predecessor-version":[{"id":37433,"href":"https:\/\/cnctulua.tv\/index.php?rest_route=\/wp\/v2\/posts\/37424\/revisions\/37433"}],"wp:featuredmedia":[{"embeddable":true,"href":"https:\/\/cnctulua.tv\/index.php?rest_route=\/wp\/v2\/media\/37432"}],"wp:attachment":[{"href":"https:\/\/cnctulua.tv\/index.php?rest_route=%2Fwp%2Fv2%2Fmedia&parent=37424"}],"wp:term":[{"taxonomy":"category","embeddable":true,"href":"https:\/\/cnctulua.tv\/index.php?rest_route=%2Fwp%2Fv2%2Fcategories&post=37424"},{"taxonomy":"post_tag","embeddable":true,"href":"https:\/\/cnctulua.tv\/index.php?rest_route=%2Fwp%2Fv2%2Ftags&post=37424"}],"curies":[{"name":"wp","href":"https:\/\/api.w.org\/{rel}","templated":true}]}}