{"id":37440,"date":"2025-09-23T15:58:01","date_gmt":"2025-09-23T15:58:01","guid":{"rendered":"https:\/\/cnctulua.tv\/?p=37440"},"modified":"2025-09-23T15:58:01","modified_gmt":"2025-09-23T15:58:01","slug":"tulua-fue-sede-del-labs-summit-2025-un-evento-de-talla-internacional","status":"publish","type":"post","link":"https:\/\/cnctulua.tv\/?p=37440","title":{"rendered":"Tulu\u00e1 fue sede del Labs Summit 2025, un evento de talla internacional."},"content":{"rendered":"\n<p>El coliseo de ferias Manuel Victoria Rojas fue el escenario del Labs Summit 2025, un encuentro que reuni\u00f3 a empresarios, conferencistas y l\u00edderes de negocios digitales de diferentes regiones y pa\u00edses. Durante la jornada se realizaron m\u00e1s de ocho conferencias enfocadas en innovaci\u00f3n y desarrollo econ\u00f3mico.<\/p>\n\n\n\n<figure class=\"wp-block-embed is-type-video is-provider-youtube wp-block-embed-youtube wp-embed-aspect-16-9 wp-has-aspect-ratio\"><div class=\"wp-block-embed__wrapper\">\n<iframe loading=\"lazy\" title=\"\ud83c\udf10 Labs Summit 2025 en Tulu\u00e1: innovaci\u00f3n y desarrollo digital \ud83c\udf10\" width=\"640\" height=\"360\" src=\"https:\/\/www.youtube.com\/embed\/tZ0ClaNQju8?feature=oembed\" frameborder=\"0\" allow=\"accelerometer; autoplay; clipboard-write; encrypted-media; gyroscope; picture-in-picture; web-share\" referrerpolicy=\"strict-origin-when-cross-origin\" allowfullscreen><\/iframe>\n<\/div><\/figure>\n\n\n\n<p>El alcalde de Tulu\u00e1, Gustavo Adolfo V\u00e9lez Rom\u00e1n, asegur\u00f3 que este evento representa un voto de confianza hacia el municipio, al consolidarse como sede de actividades de car\u00e1cter internacional. \u201cTener la presencia de personas de Bogot\u00e1, Medell\u00edn, Ecuador, Venezuela y del Medio Oriente garantiza el \u00e9xito de esta realizaci\u00f3n y nos permite mostrar una cara positiva de la ciudad\u201d, se\u00f1al\u00f3 el mandatario.<\/p>\n\n\n\n<p>Seg\u00fan V\u00e9lez, el evento es tambi\u00e9n un respaldo para los empresarios locales y una oportunidad para dinamizar la econom\u00eda regional. Destac\u00f3 adem\u00e1s que espacios como el coliseo de ferias se convierten en escenarios id\u00f3neos para realizar actividades p\u00fablicas y privadas de gran envergadura.<\/p>\n\n\n\n<p>El alcalde record\u00f3 que en noviembre Tulu\u00e1 ser\u00e1 sede de la media marat\u00f3n, otro certamen que convocar\u00e1 a visitantes y atletas nacionales, contribuyendo a la reactivaci\u00f3n econ\u00f3mica y a la proyecci\u00f3n del municipio como motor de desarrollo en el centro del Valle del Cauca.<\/p>\n","protected":false},"excerpt":{"rendered":"<p>El coliseo de ferias Manuel Victoria Rojas fue el escenario del Labs Summit 2025, un encuentro que reuni\u00f3 a empresarios, conferencistas y l\u00edderes de negocios digitales de diferentes regiones y pa\u00edses. Durante la jornada se realizaron m\u00e1s de ocho conferencias enfocadas en innovaci\u00f3n y desarrollo econ\u00f3mico. El alcalde de Tulu\u00e1, Gustavo Adolfo V\u00e9lez Rom\u00e1n, asegur\u00f3 [&hellip;]<\/p>\n","protected":false},"author":3,"featured_media":37461,"comment_status":"open","ping_status":"open","sticky":false,"template":"","format":"video","meta":{"footnotes":""},"categories":[10,1515],"tags":[],"class_list":["post-37440","post","type-post","status-publish","format-video","has-post-thumbnail","hentry","category-cnc-noticias-tulua","category-cnc-tulua","post_format-post-format-video"],"_links":{"self":[{"href":"https:\/\/cnctulua.tv\/index.php?rest_route=\/wp\/v2\/posts\/37440","targetHints":{"allow":["GET"]}}],"collection":[{"href":"https:\/\/cnctulua.tv\/index.php?rest_route=\/wp\/v2\/posts"}],"about":[{"href":"https:\/\/cnctulua.tv\/index.php?rest_route=\/wp\/v2\/types\/post"}],"author":[{"embeddable":true,"href":"https:\/\/cnctulua.tv\/index.php?rest_route=\/wp\/v2\/users\/3"}],"replies":[{"embeddable":true,"href":"https:\/\/cnctulua.tv\/index.php?rest_route=%2Fwp%2Fv2%2Fcomments&post=37440"}],"version-history":[{"count":1,"href":"https:\/\/cnctulua.tv\/index.php?rest_route=\/wp\/v2\/posts\/37440\/revisions"}],"predecessor-version":[{"id":37462,"href":"https:\/\/cnctulua.tv\/index.php?rest_route=\/wp\/v2\/posts\/37440\/revisions\/37462"}],"wp:featuredmedia":[{"embeddable":true,"href":"https:\/\/cnctulua.tv\/index.php?rest_route=\/wp\/v2\/media\/37461"}],"wp:attachment":[{"href":"https:\/\/cnctulua.tv\/index.php?rest_route=%2Fwp%2Fv2%2Fmedia&parent=37440"}],"wp:term":[{"taxonomy":"category","embeddable":true,"href":"https:\/\/cnctulua.tv\/index.php?rest_route=%2Fwp%2Fv2%2Fcategories&post=37440"},{"taxonomy":"post_tag","embeddable":true,"href":"https:\/\/cnctulua.tv\/index.php?rest_route=%2Fwp%2Fv2%2Ftags&post=37440"}],"curies":[{"name":"wp","href":"https:\/\/api.w.org\/{rel}","templated":true}]}}