{"id":37481,"date":"2025-09-23T16:30:12","date_gmt":"2025-09-23T16:30:12","guid":{"rendered":"https:\/\/cnctulua.tv\/?p=37481"},"modified":"2025-09-23T16:30:12","modified_gmt":"2025-09-23T16:30:12","slug":"capturan-a-hombre-con-granada-en-cali","status":"publish","type":"post","link":"https:\/\/cnctulua.tv\/?p=37481","title":{"rendered":"Capturan a hombre con granada en Cali."},"content":{"rendered":"\n<p>Un hombre fue capturado en Cali cuando portaba una granada de fragmentaci\u00f3n tipo 26. El hallazgo se produjo tras una alerta ciudadana que permiti\u00f3 a la Polic\u00eda reaccionar de manera inmediata.<\/p>\n\n\n\n<figure class=\"wp-block-embed is-type-video is-provider-youtube wp-block-embed-youtube wp-embed-aspect-16-9 wp-has-aspect-ratio\"><div class=\"wp-block-embed__wrapper\">\n<iframe loading=\"lazy\" title=\"\ud83d\udea8 Cali: La Polic\u00eda Metropolitana Captura a un hombre con granada de fragmentaci\u00f3n. \ud83d\udea8\" width=\"640\" height=\"360\" src=\"https:\/\/www.youtube.com\/embed\/ghBYsqmjt_I?feature=oembed\" frameborder=\"0\" allow=\"accelerometer; autoplay; clipboard-write; encrypted-media; gyroscope; picture-in-picture; web-share\" referrerpolicy=\"strict-origin-when-cross-origin\" allowfullscreen><\/iframe>\n<\/div><\/figure>\n\n\n\n<p>El brigadier general Henry Yesid Bello Cubides, comandante de la Polic\u00eda Metropolitana, se\u00f1al\u00f3 que el capturado fue presentado a la Fiscal\u00eda y que hoy enfrentar\u00e1 audiencias de control de legalidad.<\/p>\n\n\n\n<p>La instituci\u00f3n destac\u00f3 que este procedimiento hace parte de los controles reforzados en la capital vallecaucana, luego de los tres atentados terroristas ocurridos en lo corrido del 2025.<\/p>\n\n\n\n<p>Las autoridades reiteraron el llamado a la comunidad para reportar situaciones sospechosas a las l\u00edneas 156 y 3213945156.<\/p>\n","protected":false},"excerpt":{"rendered":"<p>Un hombre fue capturado en Cali cuando portaba una granada de fragmentaci\u00f3n tipo 26. El hallazgo se produjo tras una alerta ciudadana que permiti\u00f3 a la Polic\u00eda reaccionar de manera inmediata. El brigadier general Henry Yesid Bello Cubides, comandante de la Polic\u00eda Metropolitana, se\u00f1al\u00f3 que el capturado fue presentado a la Fiscal\u00eda y que hoy [&hellip;]<\/p>\n","protected":false},"author":3,"featured_media":37496,"comment_status":"open","ping_status":"open","sticky":false,"template":"","format":"video","meta":{"footnotes":""},"categories":[10,1515],"tags":[],"class_list":["post-37481","post","type-post","status-publish","format-video","has-post-thumbnail","hentry","category-cnc-noticias-tulua","category-cnc-tulua","post_format-post-format-video"],"_links":{"self":[{"href":"https:\/\/cnctulua.tv\/index.php?rest_route=\/wp\/v2\/posts\/37481","targetHints":{"allow":["GET"]}}],"collection":[{"href":"https:\/\/cnctulua.tv\/index.php?rest_route=\/wp\/v2\/posts"}],"about":[{"href":"https:\/\/cnctulua.tv\/index.php?rest_route=\/wp\/v2\/types\/post"}],"author":[{"embeddable":true,"href":"https:\/\/cnctulua.tv\/index.php?rest_route=\/wp\/v2\/users\/3"}],"replies":[{"embeddable":true,"href":"https:\/\/cnctulua.tv\/index.php?rest_route=%2Fwp%2Fv2%2Fcomments&post=37481"}],"version-history":[{"count":1,"href":"https:\/\/cnctulua.tv\/index.php?rest_route=\/wp\/v2\/posts\/37481\/revisions"}],"predecessor-version":[{"id":37497,"href":"https:\/\/cnctulua.tv\/index.php?rest_route=\/wp\/v2\/posts\/37481\/revisions\/37497"}],"wp:featuredmedia":[{"embeddable":true,"href":"https:\/\/cnctulua.tv\/index.php?rest_route=\/wp\/v2\/media\/37496"}],"wp:attachment":[{"href":"https:\/\/cnctulua.tv\/index.php?rest_route=%2Fwp%2Fv2%2Fmedia&parent=37481"}],"wp:term":[{"taxonomy":"category","embeddable":true,"href":"https:\/\/cnctulua.tv\/index.php?rest_route=%2Fwp%2Fv2%2Fcategories&post=37481"},{"taxonomy":"post_tag","embeddable":true,"href":"https:\/\/cnctulua.tv\/index.php?rest_route=%2Fwp%2Fv2%2Ftags&post=37481"}],"curies":[{"name":"wp","href":"https:\/\/api.w.org\/{rel}","templated":true}]}}