{"id":37482,"date":"2025-09-23T16:50:20","date_gmt":"2025-09-23T16:50:20","guid":{"rendered":"https:\/\/cnctulua.tv\/?p=37482"},"modified":"2025-09-23T16:50:20","modified_gmt":"2025-09-23T16:50:20","slug":"panorama-regional-entramos-a-nuestro-panorama-regional-judicial","status":"publish","type":"post","link":"https:\/\/cnctulua.tv\/?p=37482","title":{"rendered":"PANORAMA REGIONAL: Entramos a nuestro panorama regional judicial."},"content":{"rendered":"\n<p><strong>LA UNI\u00d3N<\/strong><\/p>\n\n\n\n<p>En el municipio de La Uni\u00f3n, un hecho de violencia con arma de fuego dej\u00f3 un hombre muerto y otro herido. El caso se present\u00f3 en la calle 14 con carrera 3 del barrio Las Lajas, donde fue asesinado \u00d3scar Iv\u00e1n Bedoya Valencia, de 40 a\u00f1os, quien recibi\u00f3 varios impactos de bala en diferentes partes del cuerpo.<\/p>\n\n\n\n<p>En el mismo ataque result\u00f3 herido un hombre de 35 a\u00f1os, quien fue trasladado al hospital Gonzalo Contreras y posteriormente remitido a Tulu\u00e1 debido a la gravedad de sus lesiones. Las autoridades adelantan las investigaciones para establecer los m\u00f3viles y dar con los responsables de este hecho.<\/p>\n\n\n\n<figure class=\"wp-block-embed is-type-video is-provider-youtube wp-block-embed-youtube wp-embed-aspect-16-9 wp-has-aspect-ratio\"><div class=\"wp-block-embed__wrapper\">\n<iframe loading=\"lazy\" title=\"\ud83d\udea8 Panorama Regional Judicial \ud83d\udea8\" width=\"640\" height=\"360\" src=\"https:\/\/www.youtube.com\/embed\/r9337lG8vS4?feature=oembed\" frameborder=\"0\" allow=\"accelerometer; autoplay; clipboard-write; encrypted-media; gyroscope; picture-in-picture; web-share\" referrerpolicy=\"strict-origin-when-cross-origin\" allowfullscreen><\/iframe>\n<\/div><\/figure>\n\n\n\n<p><strong>BUENAVENTURA<\/strong><\/p>\n\n\n\n<p>Entre tanto, en Buenaventura, las autoridades judiciales realizaron la inspecci\u00f3n t\u00e9cnica al cuerpo de Pedro N\u00e9stor Riascos Garc\u00eda, de 29 a\u00f1os, quien fue atacado con arma de fuego en la carrera 43 con calle 2 del barrio Vista Hermosa. La v\u00edctima recibi\u00f3 varios impactos, especialmente en la regi\u00f3n craneal.<\/p>\n","protected":false},"excerpt":{"rendered":"<p>LA UNI\u00d3N En el municipio de La Uni\u00f3n, un hecho de violencia con arma de fuego dej\u00f3 un hombre muerto y otro herido. El caso se present\u00f3 en la calle 14 con carrera 3 del barrio Las Lajas, donde fue asesinado \u00d3scar Iv\u00e1n Bedoya Valencia, de 40 a\u00f1os, quien recibi\u00f3 varios impactos de bala en [&hellip;]<\/p>\n","protected":false},"author":3,"featured_media":37498,"comment_status":"open","ping_status":"open","sticky":false,"template":"","format":"video","meta":{"footnotes":""},"categories":[10,1515],"tags":[],"class_list":["post-37482","post","type-post","status-publish","format-video","has-post-thumbnail","hentry","category-cnc-noticias-tulua","category-cnc-tulua","post_format-post-format-video"],"_links":{"self":[{"href":"https:\/\/cnctulua.tv\/index.php?rest_route=\/wp\/v2\/posts\/37482","targetHints":{"allow":["GET"]}}],"collection":[{"href":"https:\/\/cnctulua.tv\/index.php?rest_route=\/wp\/v2\/posts"}],"about":[{"href":"https:\/\/cnctulua.tv\/index.php?rest_route=\/wp\/v2\/types\/post"}],"author":[{"embeddable":true,"href":"https:\/\/cnctulua.tv\/index.php?rest_route=\/wp\/v2\/users\/3"}],"replies":[{"embeddable":true,"href":"https:\/\/cnctulua.tv\/index.php?rest_route=%2Fwp%2Fv2%2Fcomments&post=37482"}],"version-history":[{"count":1,"href":"https:\/\/cnctulua.tv\/index.php?rest_route=\/wp\/v2\/posts\/37482\/revisions"}],"predecessor-version":[{"id":37500,"href":"https:\/\/cnctulua.tv\/index.php?rest_route=\/wp\/v2\/posts\/37482\/revisions\/37500"}],"wp:featuredmedia":[{"embeddable":true,"href":"https:\/\/cnctulua.tv\/index.php?rest_route=\/wp\/v2\/media\/37498"}],"wp:attachment":[{"href":"https:\/\/cnctulua.tv\/index.php?rest_route=%2Fwp%2Fv2%2Fmedia&parent=37482"}],"wp:term":[{"taxonomy":"category","embeddable":true,"href":"https:\/\/cnctulua.tv\/index.php?rest_route=%2Fwp%2Fv2%2Fcategories&post=37482"},{"taxonomy":"post_tag","embeddable":true,"href":"https:\/\/cnctulua.tv\/index.php?rest_route=%2Fwp%2Fv2%2Ftags&post=37482"}],"curies":[{"name":"wp","href":"https:\/\/api.w.org\/{rel}","templated":true}]}}