{"id":37483,"date":"2025-09-23T17:07:29","date_gmt":"2025-09-23T17:07:29","guid":{"rendered":"https:\/\/cnctulua.tv\/?p=37483"},"modified":"2025-09-23T17:07:29","modified_gmt":"2025-09-23T17:07:29","slug":"capturan-en-cali-a-alias-manzano-buscado-por-narcotrafico","status":"publish","type":"post","link":"https:\/\/cnctulua.tv\/?p=37483","title":{"rendered":"Capturan en Cali a alias \u2018Manzano\u2019, buscado por narcotr\u00e1fico."},"content":{"rendered":"\n<p>En un operativo adelantado por la Oficina de Interpol en Cali, la Polic\u00eda Nacional captur\u00f3 a alias \u2018Manzano\u2019, considerado el cerebro de una red trasnacional del narcotr\u00e1fico.<\/p>\n\n\n\n<figure class=\"wp-block-embed is-type-video is-provider-youtube wp-block-embed-youtube wp-embed-aspect-16-9 wp-has-aspect-ratio\"><div class=\"wp-block-embed__wrapper\">\n<iframe loading=\"lazy\" title=\"\ud83d\udc6e\u200d\u2642\ufe0f\u2708\ufe0f\ud83d\udc8a La Polic\u00eda captur\u00f3 a alias \u2018Manzano\u2019 en Cali.\" width=\"640\" height=\"360\" src=\"https:\/\/www.youtube.com\/embed\/BuzDcGW1bUw?feature=oembed\" frameborder=\"0\" allow=\"accelerometer; autoplay; clipboard-write; encrypted-media; gyroscope; picture-in-picture; web-share\" referrerpolicy=\"strict-origin-when-cross-origin\" allowfullscreen><\/iframe>\n<\/div><\/figure>\n\n\n\n<p>La detenci\u00f3n ocurri\u00f3 en el barrio Samanes de Guadalupe, en medio de los planes de control desplegados por el D\u00eda de Amor y Amistad. El hombre, de 49 a\u00f1os, ten\u00eda en su contra una Circular Azul de Interpol y era requerido por los delitos de concierto para delinquir y narcotr\u00e1fico.<\/p>\n\n\n\n<p>Seg\u00fan las autoridades, alias \u2018Manzano\u2019 empleaba sus conocimientos t\u00e9cnicos para modificar aeronaves ultralivianas con compartimentos secretos, utilizados para transportar coca\u00edna hacia Centroam\u00e9rica. En 2019, la organizaci\u00f3n ya hab\u00eda sido golpeada con la incautaci\u00f3n de dos avionetas y 235 kilogramos de droga en una pista clandestina.<\/p>\n\n\n\n<p>El capturado fue presentado ante la Fiscal\u00eda General de la Naci\u00f3n y un juez le dict\u00f3 medida de aseguramiento intramural.<\/p>\n","protected":false},"excerpt":{"rendered":"<p>En un operativo adelantado por la Oficina de Interpol en Cali, la Polic\u00eda Nacional captur\u00f3 a alias \u2018Manzano\u2019, considerado el cerebro de una red trasnacional del narcotr\u00e1fico. La detenci\u00f3n ocurri\u00f3 en el barrio Samanes de Guadalupe, en medio de los planes de control desplegados por el D\u00eda de Amor y Amistad. El hombre, de 49 [&hellip;]<\/p>\n","protected":false},"author":3,"featured_media":37499,"comment_status":"open","ping_status":"open","sticky":false,"template":"","format":"video","meta":{"footnotes":""},"categories":[10,1515],"tags":[],"class_list":["post-37483","post","type-post","status-publish","format-video","has-post-thumbnail","hentry","category-cnc-noticias-tulua","category-cnc-tulua","post_format-post-format-video"],"_links":{"self":[{"href":"https:\/\/cnctulua.tv\/index.php?rest_route=\/wp\/v2\/posts\/37483","targetHints":{"allow":["GET"]}}],"collection":[{"href":"https:\/\/cnctulua.tv\/index.php?rest_route=\/wp\/v2\/posts"}],"about":[{"href":"https:\/\/cnctulua.tv\/index.php?rest_route=\/wp\/v2\/types\/post"}],"author":[{"embeddable":true,"href":"https:\/\/cnctulua.tv\/index.php?rest_route=\/wp\/v2\/users\/3"}],"replies":[{"embeddable":true,"href":"https:\/\/cnctulua.tv\/index.php?rest_route=%2Fwp%2Fv2%2Fcomments&post=37483"}],"version-history":[{"count":1,"href":"https:\/\/cnctulua.tv\/index.php?rest_route=\/wp\/v2\/posts\/37483\/revisions"}],"predecessor-version":[{"id":37502,"href":"https:\/\/cnctulua.tv\/index.php?rest_route=\/wp\/v2\/posts\/37483\/revisions\/37502"}],"wp:featuredmedia":[{"embeddable":true,"href":"https:\/\/cnctulua.tv\/index.php?rest_route=\/wp\/v2\/media\/37499"}],"wp:attachment":[{"href":"https:\/\/cnctulua.tv\/index.php?rest_route=%2Fwp%2Fv2%2Fmedia&parent=37483"}],"wp:term":[{"taxonomy":"category","embeddable":true,"href":"https:\/\/cnctulua.tv\/index.php?rest_route=%2Fwp%2Fv2%2Fcategories&post=37483"},{"taxonomy":"post_tag","embeddable":true,"href":"https:\/\/cnctulua.tv\/index.php?rest_route=%2Fwp%2Fv2%2Ftags&post=37483"}],"curies":[{"name":"wp","href":"https:\/\/api.w.org\/{rel}","templated":true}]}}