{"id":37516,"date":"2025-09-24T17:15:58","date_gmt":"2025-09-24T17:15:58","guid":{"rendered":"https:\/\/cnctulua.tv\/?p=37516"},"modified":"2025-09-24T17:15:58","modified_gmt":"2025-09-24T17:15:58","slug":"tulua-conmemora-la-semana-internacional-de-las-personas-sordas-con-jornadas-de-inclusion","status":"publish","type":"post","link":"https:\/\/cnctulua.tv\/?p=37516","title":{"rendered":"Tulu\u00e1 conmemora la Semana Internacional de las Personas Sordas con jornadas de inclusi\u00f3n."},"content":{"rendered":"\n<p>La administraci\u00f3n municipal de Tulu\u00e1 adelant\u00f3 una campa\u00f1a de sensibilizaci\u00f3n en el marco de la Semana Internacional de las Personas Sordas, desarrollada en entidades de salud como Sanitas, Emssanar y Nueva EPS.<\/p>\n\n\n\n<figure class=\"wp-block-embed is-type-video is-provider-youtube wp-block-embed-youtube wp-embed-aspect-16-9 wp-has-aspect-ratio\"><div class=\"wp-block-embed__wrapper\">\n<iframe loading=\"lazy\" title=\"\ud83e\udd1d\ud83e\uddcf\u200d\u2640\ufe0f Tulu\u00e1 promueve inclusi\u00f3n y respeto en la Semana Internacional de las Personas Sordas. \ud83c\udf0d\ud83d\udc99\" width=\"640\" height=\"360\" src=\"https:\/\/www.youtube.com\/embed\/SNmGsvF-b7M?feature=oembed\" frameborder=\"0\" allow=\"accelerometer; autoplay; clipboard-write; encrypted-media; gyroscope; picture-in-picture; web-share\" referrerpolicy=\"strict-origin-when-cross-origin\" allowfullscreen><\/iframe>\n<\/div><\/figure>\n\n\n\n<p>La iniciativa busc\u00f3 dar a conocer herramientas dispuestas por el Ministerio de las TIC que garantizan a la poblaci\u00f3n sorda el derecho a la comunicaci\u00f3n y el acceso a los servicios en igualdad de condiciones.<\/p>\n\n\n\n<p>Durante las actividades se resalt\u00f3 la importancia de fomentar espacios de inclusi\u00f3n, respeto y comprensi\u00f3n hacia esta comunidad, promoviendo una sociedad que elimine barreras y garantice el trato digno para todas las personas.<\/p>\n","protected":false},"excerpt":{"rendered":"<p>La administraci\u00f3n municipal de Tulu\u00e1 adelant\u00f3 una campa\u00f1a de sensibilizaci\u00f3n en el marco de la Semana Internacional de las Personas Sordas, desarrollada en entidades de salud como Sanitas, Emssanar y Nueva EPS. La iniciativa busc\u00f3 dar a conocer herramientas dispuestas por el Ministerio de las TIC que garantizan a la poblaci\u00f3n sorda el derecho a [&hellip;]<\/p>\n","protected":false},"author":3,"featured_media":37549,"comment_status":"open","ping_status":"open","sticky":false,"template":"","format":"video","meta":{"footnotes":""},"categories":[10,1515],"tags":[],"class_list":["post-37516","post","type-post","status-publish","format-video","has-post-thumbnail","hentry","category-cnc-noticias-tulua","category-cnc-tulua","post_format-post-format-video"],"_links":{"self":[{"href":"https:\/\/cnctulua.tv\/index.php?rest_route=\/wp\/v2\/posts\/37516","targetHints":{"allow":["GET"]}}],"collection":[{"href":"https:\/\/cnctulua.tv\/index.php?rest_route=\/wp\/v2\/posts"}],"about":[{"href":"https:\/\/cnctulua.tv\/index.php?rest_route=\/wp\/v2\/types\/post"}],"author":[{"embeddable":true,"href":"https:\/\/cnctulua.tv\/index.php?rest_route=\/wp\/v2\/users\/3"}],"replies":[{"embeddable":true,"href":"https:\/\/cnctulua.tv\/index.php?rest_route=%2Fwp%2Fv2%2Fcomments&post=37516"}],"version-history":[{"count":1,"href":"https:\/\/cnctulua.tv\/index.php?rest_route=\/wp\/v2\/posts\/37516\/revisions"}],"predecessor-version":[{"id":37551,"href":"https:\/\/cnctulua.tv\/index.php?rest_route=\/wp\/v2\/posts\/37516\/revisions\/37551"}],"wp:featuredmedia":[{"embeddable":true,"href":"https:\/\/cnctulua.tv\/index.php?rest_route=\/wp\/v2\/media\/37549"}],"wp:attachment":[{"href":"https:\/\/cnctulua.tv\/index.php?rest_route=%2Fwp%2Fv2%2Fmedia&parent=37516"}],"wp:term":[{"taxonomy":"category","embeddable":true,"href":"https:\/\/cnctulua.tv\/index.php?rest_route=%2Fwp%2Fv2%2Fcategories&post=37516"},{"taxonomy":"post_tag","embeddable":true,"href":"https:\/\/cnctulua.tv\/index.php?rest_route=%2Fwp%2Fv2%2Ftags&post=37516"}],"curies":[{"name":"wp","href":"https:\/\/api.w.org\/{rel}","templated":true}]}}