{"id":37517,"date":"2025-09-24T17:32:18","date_gmt":"2025-09-24T17:32:18","guid":{"rendered":"https:\/\/cnctulua.tv\/?p=37517"},"modified":"2025-09-24T17:32:18","modified_gmt":"2025-09-24T17:32:18","slug":"tulua-inicio-la-decima-semana-ambiental-con-una-sembraton-en-el-parque-de-la-familia","status":"publish","type":"post","link":"https:\/\/cnctulua.tv\/?p=37517","title":{"rendered":"Tulu\u00e1 inici\u00f3 la D\u00e9cima Semana Ambiental con una sembrat\u00f3n en el Parque de la Familia."},"content":{"rendered":"\n<p>En el Parque de la Familia de Tulu\u00e1 se realiz\u00f3 una sembrat\u00f3n con la plantaci\u00f3n de 30 especies ornamentales, dando apertura a la D\u00e9cima Semana Ambiental en el municipio.<\/p>\n\n\n\n<figure class=\"wp-block-embed is-type-video is-provider-youtube wp-block-embed-youtube wp-embed-aspect-16-9 wp-has-aspect-ratio\"><div class=\"wp-block-embed__wrapper\">\n<iframe loading=\"lazy\" title=\"\ud83c\udf33\ud83c\udf0e Tulu\u00e1 abre la D\u00e9cima Semana Ambiental con sembrat\u00f3n en el Parque de la Familia. \ud83d\udc9a\ud83c\udf31\" width=\"640\" height=\"360\" src=\"https:\/\/www.youtube.com\/embed\/TytPr0i7buE?feature=oembed\" frameborder=\"0\" allow=\"accelerometer; autoplay; clipboard-write; encrypted-media; gyroscope; picture-in-picture; web-share\" referrerpolicy=\"strict-origin-when-cross-origin\" allowfullscreen><\/iframe>\n<\/div><\/figure>\n\n\n\n<p>La jornada tuvo como prop\u00f3sito recuperar el paisaje de este espacio emblem\u00e1tico, al tiempo que se promueve la oxigenaci\u00f3n, la mitigaci\u00f3n de los efectos del cambio clim\u00e1tico y la preservaci\u00f3n de \u00e1reas destinadas a la recreaci\u00f3n y al encuentro de las familias.<\/p>\n\n\n\n<p>La Administraci\u00f3n Municipal destac\u00f3 que este tipo de iniciativas buscan fortalecer el sentido de pertenencia ciudadana hacia los espacios p\u00fablicos, al tiempo que fomentan h\u00e1bitos de respeto y cuidado del entorno natural.<\/p>\n\n\n\n<p>Durante la semana se desarrollar\u00e1n conversatorios, jornadas de recolecci\u00f3n de residuos, encuentros culturales y actividades en la zona rural, todas orientadas a la protecci\u00f3n y conservaci\u00f3n del medioambiente.<\/p>\n","protected":false},"excerpt":{"rendered":"<p>En el Parque de la Familia de Tulu\u00e1 se realiz\u00f3 una sembrat\u00f3n con la plantaci\u00f3n de 30 especies ornamentales, dando apertura a la D\u00e9cima Semana Ambiental en el municipio. La jornada tuvo como prop\u00f3sito recuperar el paisaje de este espacio emblem\u00e1tico, al tiempo que se promueve la oxigenaci\u00f3n, la mitigaci\u00f3n de los efectos del cambio [&hellip;]<\/p>\n","protected":false},"author":3,"featured_media":37550,"comment_status":"open","ping_status":"open","sticky":false,"template":"","format":"video","meta":{"footnotes":""},"categories":[10,1515],"tags":[],"class_list":["post-37517","post","type-post","status-publish","format-video","has-post-thumbnail","hentry","category-cnc-noticias-tulua","category-cnc-tulua","post_format-post-format-video"],"_links":{"self":[{"href":"https:\/\/cnctulua.tv\/index.php?rest_route=\/wp\/v2\/posts\/37517","targetHints":{"allow":["GET"]}}],"collection":[{"href":"https:\/\/cnctulua.tv\/index.php?rest_route=\/wp\/v2\/posts"}],"about":[{"href":"https:\/\/cnctulua.tv\/index.php?rest_route=\/wp\/v2\/types\/post"}],"author":[{"embeddable":true,"href":"https:\/\/cnctulua.tv\/index.php?rest_route=\/wp\/v2\/users\/3"}],"replies":[{"embeddable":true,"href":"https:\/\/cnctulua.tv\/index.php?rest_route=%2Fwp%2Fv2%2Fcomments&post=37517"}],"version-history":[{"count":1,"href":"https:\/\/cnctulua.tv\/index.php?rest_route=\/wp\/v2\/posts\/37517\/revisions"}],"predecessor-version":[{"id":37553,"href":"https:\/\/cnctulua.tv\/index.php?rest_route=\/wp\/v2\/posts\/37517\/revisions\/37553"}],"wp:featuredmedia":[{"embeddable":true,"href":"https:\/\/cnctulua.tv\/index.php?rest_route=\/wp\/v2\/media\/37550"}],"wp:attachment":[{"href":"https:\/\/cnctulua.tv\/index.php?rest_route=%2Fwp%2Fv2%2Fmedia&parent=37517"}],"wp:term":[{"taxonomy":"category","embeddable":true,"href":"https:\/\/cnctulua.tv\/index.php?rest_route=%2Fwp%2Fv2%2Fcategories&post=37517"},{"taxonomy":"post_tag","embeddable":true,"href":"https:\/\/cnctulua.tv\/index.php?rest_route=%2Fwp%2Fv2%2Ftags&post=37517"}],"curies":[{"name":"wp","href":"https:\/\/api.w.org\/{rel}","templated":true}]}}