{"id":37520,"date":"2025-09-24T18:16:26","date_gmt":"2025-09-24T18:16:26","guid":{"rendered":"https:\/\/cnctulua.tv\/?p=37520"},"modified":"2025-09-24T18:16:26","modified_gmt":"2025-09-24T18:16:26","slug":"gobernacion-impulsa-turismo-en-municipios-cafeteros-del-norte-del-valle","status":"publish","type":"post","link":"https:\/\/cnctulua.tv\/?p=37520","title":{"rendered":"Gobernaci\u00f3n impulsa turismo en municipios cafeteros del norte del Valle"},"content":{"rendered":"\n<p>La Gobernaci\u00f3n del Valle del Cauca anunci\u00f3 una estrategia para fortalecer el turismo comunitario en municipios productores de caf\u00e9 como Alcal\u00e1, Ulloa y Toro. El prop\u00f3sito es integrar esta zona al Paisaje Cultural Cafetero y convertirlo en un destino que reactive la econom\u00eda local.<\/p>\n\n\n\n<figure class=\"wp-block-embed is-type-video is-provider-youtube wp-block-embed-youtube wp-embed-aspect-16-9 wp-has-aspect-ratio\"><div class=\"wp-block-embed__wrapper\">\n<iframe loading=\"lazy\" title=\"\u2615\ud83c\udf3f Valle del Cauca impulsa turismo comunitario en municipios cafeteros para reactivar la econom\u00eda. \ud83d\udc9a\" width=\"640\" height=\"360\" src=\"https:\/\/www.youtube.com\/embed\/RNcEXyxvF6s?feature=oembed\" frameborder=\"0\" allow=\"accelerometer; autoplay; clipboard-write; encrypted-media; gyroscope; picture-in-picture; web-share\" referrerpolicy=\"strict-origin-when-cross-origin\" allowfullscreen><\/iframe>\n<\/div><\/figure>\n\n\n\n<p>La propuesta incluye el desarrollo del turismo industrial, que permitir\u00e1 a los visitantes conocer los procesos de producci\u00f3n del caf\u00e9 y la historia de las familias que lo cultivan.<\/p>\n\n\n\n<figure class=\"wp-block-image size-large\"><img loading=\"lazy\" decoding=\"async\" width=\"1024\" height=\"574\" src=\"https:\/\/cnctulua.tv\/wp-content\/uploads\/2025\/09\/apoyos-TURISMO-COMUNITARIO-E-INDUSTRIAL-3-1024x574.jpeg\" alt=\"\" class=\"wp-image-37559\" srcset=\"https:\/\/cnctulua.tv\/wp-content\/uploads\/2025\/09\/apoyos-TURISMO-COMUNITARIO-E-INDUSTRIAL-3-1024x574.jpeg 1024w, https:\/\/cnctulua.tv\/wp-content\/uploads\/2025\/09\/apoyos-TURISMO-COMUNITARIO-E-INDUSTRIAL-3-300x168.jpeg 300w, https:\/\/cnctulua.tv\/wp-content\/uploads\/2025\/09\/apoyos-TURISMO-COMUNITARIO-E-INDUSTRIAL-3-768x430.jpeg 768w, https:\/\/cnctulua.tv\/wp-content\/uploads\/2025\/09\/apoyos-TURISMO-COMUNITARIO-E-INDUSTRIAL-3-1536x861.jpeg 1536w, https:\/\/cnctulua.tv\/wp-content\/uploads\/2025\/09\/apoyos-TURISMO-COMUNITARIO-E-INDUSTRIAL-3.jpeg 1595w\" sizes=\"auto, (max-width: 1024px) 100vw, 1024px\" \/><\/figure>\n\n\n\n<p>Este plan se articula con la ordenanza que crea la Mesa Interinstitucional de Conservaci\u00f3n y Desarrollo del Paisaje Cultural Cafetero, y con el convenio suscrito con la Federaci\u00f3n Nacional de Cafeteros para fortalecer la producci\u00f3n de m\u00e1s de 1.800 familias.<\/p>\n\n\n\n<p>Productores locales resaltaron la importancia de la iniciativa para continuar posicionando el caf\u00e9 del norte del Valle como uno de los mejores del pa\u00eds.<\/p>\n","protected":false},"excerpt":{"rendered":"<p>La Gobernaci\u00f3n del Valle del Cauca anunci\u00f3 una estrategia para fortalecer el turismo comunitario en municipios productores de caf\u00e9 como Alcal\u00e1, Ulloa y Toro. El prop\u00f3sito es integrar esta zona al Paisaje Cultural Cafetero y convertirlo en un destino que reactive la econom\u00eda local. La propuesta incluye el desarrollo del turismo industrial, que permitir\u00e1 a [&hellip;]<\/p>\n","protected":false},"author":3,"featured_media":37558,"comment_status":"open","ping_status":"open","sticky":false,"template":"","format":"video","meta":{"footnotes":""},"categories":[10,1515],"tags":[],"class_list":["post-37520","post","type-post","status-publish","format-video","has-post-thumbnail","hentry","category-cnc-noticias-tulua","category-cnc-tulua","post_format-post-format-video"],"_links":{"self":[{"href":"https:\/\/cnctulua.tv\/index.php?rest_route=\/wp\/v2\/posts\/37520","targetHints":{"allow":["GET"]}}],"collection":[{"href":"https:\/\/cnctulua.tv\/index.php?rest_route=\/wp\/v2\/posts"}],"about":[{"href":"https:\/\/cnctulua.tv\/index.php?rest_route=\/wp\/v2\/types\/post"}],"author":[{"embeddable":true,"href":"https:\/\/cnctulua.tv\/index.php?rest_route=\/wp\/v2\/users\/3"}],"replies":[{"embeddable":true,"href":"https:\/\/cnctulua.tv\/index.php?rest_route=%2Fwp%2Fv2%2Fcomments&post=37520"}],"version-history":[{"count":1,"href":"https:\/\/cnctulua.tv\/index.php?rest_route=\/wp\/v2\/posts\/37520\/revisions"}],"predecessor-version":[{"id":37560,"href":"https:\/\/cnctulua.tv\/index.php?rest_route=\/wp\/v2\/posts\/37520\/revisions\/37560"}],"wp:featuredmedia":[{"embeddable":true,"href":"https:\/\/cnctulua.tv\/index.php?rest_route=\/wp\/v2\/media\/37558"}],"wp:attachment":[{"href":"https:\/\/cnctulua.tv\/index.php?rest_route=%2Fwp%2Fv2%2Fmedia&parent=37520"}],"wp:term":[{"taxonomy":"category","embeddable":true,"href":"https:\/\/cnctulua.tv\/index.php?rest_route=%2Fwp%2Fv2%2Fcategories&post=37520"},{"taxonomy":"post_tag","embeddable":true,"href":"https:\/\/cnctulua.tv\/index.php?rest_route=%2Fwp%2Fv2%2Ftags&post=37520"}],"curies":[{"name":"wp","href":"https:\/\/api.w.org\/{rel}","templated":true}]}}