{"id":37589,"date":"2025-09-25T16:27:31","date_gmt":"2025-09-25T16:27:31","guid":{"rendered":"https:\/\/cnctulua.tv\/?p=37589"},"modified":"2025-09-25T16:27:31","modified_gmt":"2025-09-25T16:27:31","slug":"armada-nacional-reporto-ataque-con-drones-en-buenaventura","status":"publish","type":"post","link":"https:\/\/cnctulua.tv\/?p=37589","title":{"rendered":"Armada Nacional report\u00f3 ataque con drones en Buenaventura."},"content":{"rendered":"\n<p>La Armada de Colombia inform\u00f3 que tropas de la Brigada de Infanter\u00eda de Marina No. 2 fueron atacadas en zona rural del corregimiento Bajo Calima, municipio de Buenaventura. El hecho se habr\u00eda registrado cuando las unidades adelantaban operaciones de registro y control de \u00e1rea.<\/p>\n\n\n\n<figure class=\"wp-block-embed is-type-video is-provider-youtube wp-block-embed-youtube wp-embed-aspect-16-9 wp-has-aspect-ratio\"><div class=\"wp-block-embed__wrapper\">\n<iframe loading=\"lazy\" title=\"\ud83d\udea8 Ataque con drones contra tropas en Buenaventura.\" width=\"640\" height=\"360\" src=\"https:\/\/www.youtube.com\/embed\/Suas9lrdPGM?feature=oembed\" frameborder=\"0\" allow=\"accelerometer; autoplay; clipboard-write; encrypted-media; gyroscope; picture-in-picture; web-share\" referrerpolicy=\"strict-origin-when-cross-origin\" allowfullscreen><\/iframe>\n<\/div><\/figure>\n\n\n\n<p>De acuerdo con la informaci\u00f3n oficial, el ataque habr\u00eda sido ejecutado por la estructura \u201cWilson Gonz\u00e1lez\u201d, perteneciente al GAOr Jaime Mart\u00ednez, mediante el uso de armas de fuego y granadas lanzadas desde drones.<\/p>\n\n\n\n<p>Las autoridades confirmaron que no se presentaron afectaciones en la comunidad ni en el personal militar que hac\u00eda presencia en el lugar.<\/p>\n\n\n\n<p>La Armada Nacional rechaz\u00f3 lo ocurrido, lo calific\u00f3 como un acto terrorista contrario al Derecho Internacional Humanitario y anunci\u00f3 que interpondr\u00e1 las denuncias correspondientes ante las autoridades competentes.<\/p>\n\n\n\n<p>La Instituci\u00f3n reiter\u00f3 su compromiso de continuar las operaciones contra los grupos armados ilegales que operan en la regi\u00f3n, con el fin de garantizar la seguridad de la poblaci\u00f3n civil en el Pac\u00edfico colombiano.<\/p>\n","protected":false},"excerpt":{"rendered":"<p>La Armada de Colombia inform\u00f3 que tropas de la Brigada de Infanter\u00eda de Marina No. 2 fueron atacadas en zona rural del corregimiento Bajo Calima, municipio de Buenaventura. El hecho se habr\u00eda registrado cuando las unidades adelantaban operaciones de registro y control de \u00e1rea. De acuerdo con la informaci\u00f3n oficial, el ataque habr\u00eda sido ejecutado [&hellip;]<\/p>\n","protected":false},"author":3,"featured_media":37607,"comment_status":"open","ping_status":"open","sticky":false,"template":"","format":"video","meta":{"footnotes":""},"categories":[10,1515],"tags":[],"class_list":["post-37589","post","type-post","status-publish","format-video","has-post-thumbnail","hentry","category-cnc-noticias-tulua","category-cnc-tulua","post_format-post-format-video"],"_links":{"self":[{"href":"https:\/\/cnctulua.tv\/index.php?rest_route=\/wp\/v2\/posts\/37589","targetHints":{"allow":["GET"]}}],"collection":[{"href":"https:\/\/cnctulua.tv\/index.php?rest_route=\/wp\/v2\/posts"}],"about":[{"href":"https:\/\/cnctulua.tv\/index.php?rest_route=\/wp\/v2\/types\/post"}],"author":[{"embeddable":true,"href":"https:\/\/cnctulua.tv\/index.php?rest_route=\/wp\/v2\/users\/3"}],"replies":[{"embeddable":true,"href":"https:\/\/cnctulua.tv\/index.php?rest_route=%2Fwp%2Fv2%2Fcomments&post=37589"}],"version-history":[{"count":1,"href":"https:\/\/cnctulua.tv\/index.php?rest_route=\/wp\/v2\/posts\/37589\/revisions"}],"predecessor-version":[{"id":37609,"href":"https:\/\/cnctulua.tv\/index.php?rest_route=\/wp\/v2\/posts\/37589\/revisions\/37609"}],"wp:featuredmedia":[{"embeddable":true,"href":"https:\/\/cnctulua.tv\/index.php?rest_route=\/wp\/v2\/media\/37607"}],"wp:attachment":[{"href":"https:\/\/cnctulua.tv\/index.php?rest_route=%2Fwp%2Fv2%2Fmedia&parent=37589"}],"wp:term":[{"taxonomy":"category","embeddable":true,"href":"https:\/\/cnctulua.tv\/index.php?rest_route=%2Fwp%2Fv2%2Fcategories&post=37589"},{"taxonomy":"post_tag","embeddable":true,"href":"https:\/\/cnctulua.tv\/index.php?rest_route=%2Fwp%2Fv2%2Ftags&post=37589"}],"curies":[{"name":"wp","href":"https:\/\/api.w.org\/{rel}","templated":true}]}}