{"id":37650,"date":"2025-09-26T18:09:18","date_gmt":"2025-09-26T18:09:18","guid":{"rendered":"https:\/\/cnctulua.tv\/?p=37650"},"modified":"2025-09-26T18:09:18","modified_gmt":"2025-09-26T18:09:18","slug":"fonder-valle-amplia-plazo-de-inscripciones-hasta-el-30-de-septiembre","status":"publish","type":"post","link":"https:\/\/cnctulua.tv\/?p=37650","title":{"rendered":"Fonder Valle ampl\u00eda plazo de inscripciones hasta el 30 de septiembre."},"content":{"rendered":"\n<p>El programa Fonder Valle, impulsado por la Gobernaci\u00f3n del Valle del Cauca, ampli\u00f3 hasta el 30 de septiembre el plazo para que micro, peque\u00f1os y medianos emprendedores se inscriban y accedan a cr\u00e9ditos con condiciones preferenciales.<\/p>\n\n\n\n<figure class=\"wp-block-embed is-type-video is-provider-youtube wp-block-embed-youtube wp-embed-aspect-16-9 wp-has-aspect-ratio\"><div class=\"wp-block-embed__wrapper\">\n<iframe loading=\"lazy\" title=\"\ud83d\ude80 \u00a1Atenci\u00f3n emprendedores vallecaucanos! Fonder Valle ampl\u00eda inscripciones hasta el 30 de septiembre\" width=\"640\" height=\"360\" src=\"https:\/\/www.youtube.com\/embed\/vats43eqvzQ?feature=oembed\" frameborder=\"0\" allow=\"accelerometer; autoplay; clipboard-write; encrypted-media; gyroscope; picture-in-picture; web-share\" referrerpolicy=\"strict-origin-when-cross-origin\" allowfullscreen><\/iframe>\n<\/div><\/figure>\n\n\n\n<p>Con un presupuesto de 10 mil millones de pesos, la segunda convocatoria ya cuenta con m\u00e1s de 5 mil solicitudes. De acuerdo con Infivalle, la decisi\u00f3n de extender las inscripciones obedece a la necesidad de dar m\u00e1s tiempo a emprendedores rurales y urbanos interesados.<\/p>\n\n\n\n<p>Los interesados podr\u00e1n elegir entre dos l\u00edneas de cr\u00e9dito:<\/p>\n\n\n\n<p>Hasta 5.690.000 pesos con tasa de cero inter\u00e9s.<\/p>\n\n\n\n<p>Hasta 56.900.000 pesos con inter\u00e9s subsidiado, dirigida a emprendedores con activos de hasta 400 millones de pesos.<\/p>\n\n\n\n<p>El proceso de inscripci\u00f3n es 100% virtual a trav\u00e9s de la p\u00e1gina fondervalle.valledelcauca.gov.co. Tras el cierre, los operadores realizar\u00e1n la selecci\u00f3n de beneficiarios y, en un periodo de 25 d\u00edas, se iniciar\u00e1 el desembolso de los cr\u00e9ditos, junto a visitas t\u00e9cnicas a los negocios.<\/p>\n","protected":false},"excerpt":{"rendered":"<p>El programa Fonder Valle, impulsado por la Gobernaci\u00f3n del Valle del Cauca, ampli\u00f3 hasta el 30 de septiembre el plazo para que micro, peque\u00f1os y medianos emprendedores se inscriban y accedan a cr\u00e9ditos con condiciones preferenciales. Con un presupuesto de 10 mil millones de pesos, la segunda convocatoria ya cuenta con m\u00e1s de 5 mil [&hellip;]<\/p>\n","protected":false},"author":3,"featured_media":37681,"comment_status":"open","ping_status":"open","sticky":false,"template":"","format":"video","meta":{"footnotes":""},"categories":[1],"tags":[],"class_list":["post-37650","post","type-post","status-publish","format-video","has-post-thumbnail","hentry","category-uncategorized","post_format-post-format-video"],"_links":{"self":[{"href":"https:\/\/cnctulua.tv\/index.php?rest_route=\/wp\/v2\/posts\/37650","targetHints":{"allow":["GET"]}}],"collection":[{"href":"https:\/\/cnctulua.tv\/index.php?rest_route=\/wp\/v2\/posts"}],"about":[{"href":"https:\/\/cnctulua.tv\/index.php?rest_route=\/wp\/v2\/types\/post"}],"author":[{"embeddable":true,"href":"https:\/\/cnctulua.tv\/index.php?rest_route=\/wp\/v2\/users\/3"}],"replies":[{"embeddable":true,"href":"https:\/\/cnctulua.tv\/index.php?rest_route=%2Fwp%2Fv2%2Fcomments&post=37650"}],"version-history":[{"count":1,"href":"https:\/\/cnctulua.tv\/index.php?rest_route=\/wp\/v2\/posts\/37650\/revisions"}],"predecessor-version":[{"id":37683,"href":"https:\/\/cnctulua.tv\/index.php?rest_route=\/wp\/v2\/posts\/37650\/revisions\/37683"}],"wp:featuredmedia":[{"embeddable":true,"href":"https:\/\/cnctulua.tv\/index.php?rest_route=\/wp\/v2\/media\/37681"}],"wp:attachment":[{"href":"https:\/\/cnctulua.tv\/index.php?rest_route=%2Fwp%2Fv2%2Fmedia&parent=37650"}],"wp:term":[{"taxonomy":"category","embeddable":true,"href":"https:\/\/cnctulua.tv\/index.php?rest_route=%2Fwp%2Fv2%2Fcategories&post=37650"},{"taxonomy":"post_tag","embeddable":true,"href":"https:\/\/cnctulua.tv\/index.php?rest_route=%2Fwp%2Fv2%2Ftags&post=37650"}],"curies":[{"name":"wp","href":"https:\/\/api.w.org\/{rel}","templated":true}]}}