{"id":37652,"date":"2025-09-26T18:31:11","date_gmt":"2025-09-26T18:31:11","guid":{"rendered":"https:\/\/cnctulua.tv\/?p=37652"},"modified":"2025-09-26T18:31:11","modified_gmt":"2025-09-26T18:31:11","slug":"emprendimientos-inclusivos-brindan-oportunidades-a-jovenes-en-tulua","status":"publish","type":"post","link":"https:\/\/cnctulua.tv\/?p=37652","title":{"rendered":"Emprendimientos inclusivos brindan oportunidades a j\u00f3venes en Tulu\u00e1."},"content":{"rendered":"\n<p>En Tulu\u00e1, un grupo de familias participa en un programa de formaci\u00f3n en panader\u00eda que busca fortalecer proyectos productivos y generar espacios de inclusi\u00f3n para j\u00f3venes con discapacidad.<\/p>\n\n\n\n<figure class=\"wp-block-embed is-type-video is-provider-youtube wp-block-embed-youtube wp-embed-aspect-16-9 wp-has-aspect-ratio\"><div class=\"wp-block-embed__wrapper\">\n<iframe loading=\"lazy\" title=\"\ud83c\udf5e\ud83d\udc69\u200d\ud83c\udf73 Emprendimiento inclusivo fortalece a 20 familias en la Villa de C\u00e9spedes.\" width=\"640\" height=\"360\" src=\"https:\/\/www.youtube.com\/embed\/RT1kWah3ptU?feature=oembed\" frameborder=\"0\" allow=\"accelerometer; autoplay; clipboard-write; encrypted-media; gyroscope; picture-in-picture; web-share\" referrerpolicy=\"strict-origin-when-cross-origin\" allowfullscreen><\/iframe>\n<\/div><\/figure>\n\n\n\n<p>En total, 20 personas fueron capacitadas en la elaboraci\u00f3n de productos como pan, galletas y yogur, los cuales ya empiezan a ser comercializados en ferias comunitarias.<\/p>\n\n\n\n<figure class=\"wp-block-image size-large\"><img loading=\"lazy\" decoding=\"async\" width=\"1024\" height=\"555\" src=\"https:\/\/cnctulua.tv\/wp-content\/uploads\/2025\/09\/FUNDA-1024x555.png\" alt=\"\" class=\"wp-image-37686\" srcset=\"https:\/\/cnctulua.tv\/wp-content\/uploads\/2025\/09\/FUNDA-1024x555.png 1024w, https:\/\/cnctulua.tv\/wp-content\/uploads\/2025\/09\/FUNDA-300x163.png 300w, https:\/\/cnctulua.tv\/wp-content\/uploads\/2025\/09\/FUNDA-768x416.png 768w, https:\/\/cnctulua.tv\/wp-content\/uploads\/2025\/09\/FUNDA.png 1028w\" sizes=\"auto, (max-width: 1024px) 100vw, 1024px\" \/><\/figure>\n\n\n\n<p>De acuerdo con los participantes, la experiencia ha significado una oportunidad para que los j\u00f3venes no solo adquieran conocimientos pr\u00e1cticos, sino que tambi\u00e9n fortalezcan su autonom\u00eda y puedan relacionarse con la comunidad en escenarios de emprendimiento.<\/p>\n\n\n\n<p>La iniciativa hace parte de un conjunto de programas de apoyo social que promueven la participaci\u00f3n de personas con discapacidad en actividades econ\u00f3micas y de integraci\u00f3n comunitaria.<\/p>\n","protected":false},"excerpt":{"rendered":"<p>En Tulu\u00e1, un grupo de familias participa en un programa de formaci\u00f3n en panader\u00eda que busca fortalecer proyectos productivos y generar espacios de inclusi\u00f3n para j\u00f3venes con discapacidad. En total, 20 personas fueron capacitadas en la elaboraci\u00f3n de productos como pan, galletas y yogur, los cuales ya empiezan a ser comercializados en ferias comunitarias. De [&hellip;]<\/p>\n","protected":false},"author":3,"featured_media":37685,"comment_status":"open","ping_status":"open","sticky":false,"template":"","format":"video","meta":{"footnotes":""},"categories":[1],"tags":[],"class_list":["post-37652","post","type-post","status-publish","format-video","has-post-thumbnail","hentry","category-uncategorized","post_format-post-format-video"],"_links":{"self":[{"href":"https:\/\/cnctulua.tv\/index.php?rest_route=\/wp\/v2\/posts\/37652","targetHints":{"allow":["GET"]}}],"collection":[{"href":"https:\/\/cnctulua.tv\/index.php?rest_route=\/wp\/v2\/posts"}],"about":[{"href":"https:\/\/cnctulua.tv\/index.php?rest_route=\/wp\/v2\/types\/post"}],"author":[{"embeddable":true,"href":"https:\/\/cnctulua.tv\/index.php?rest_route=\/wp\/v2\/users\/3"}],"replies":[{"embeddable":true,"href":"https:\/\/cnctulua.tv\/index.php?rest_route=%2Fwp%2Fv2%2Fcomments&post=37652"}],"version-history":[{"count":1,"href":"https:\/\/cnctulua.tv\/index.php?rest_route=\/wp\/v2\/posts\/37652\/revisions"}],"predecessor-version":[{"id":37688,"href":"https:\/\/cnctulua.tv\/index.php?rest_route=\/wp\/v2\/posts\/37652\/revisions\/37688"}],"wp:featuredmedia":[{"embeddable":true,"href":"https:\/\/cnctulua.tv\/index.php?rest_route=\/wp\/v2\/media\/37685"}],"wp:attachment":[{"href":"https:\/\/cnctulua.tv\/index.php?rest_route=%2Fwp%2Fv2%2Fmedia&parent=37652"}],"wp:term":[{"taxonomy":"category","embeddable":true,"href":"https:\/\/cnctulua.tv\/index.php?rest_route=%2Fwp%2Fv2%2Fcategories&post=37652"},{"taxonomy":"post_tag","embeddable":true,"href":"https:\/\/cnctulua.tv\/index.php?rest_route=%2Fwp%2Fv2%2Ftags&post=37652"}],"curies":[{"name":"wp","href":"https:\/\/api.w.org\/{rel}","templated":true}]}}