{"id":37659,"date":"2025-09-26T16:05:21","date_gmt":"2025-09-26T16:05:21","guid":{"rendered":"https:\/\/cnctulua.tv\/?p=37659"},"modified":"2025-09-26T16:05:21","modified_gmt":"2025-09-26T16:05:21","slug":"sugerido-alcalde-de-tulua-busca-apoyo-internacional-para-proyecto-ambiental","status":"publish","type":"post","link":"https:\/\/cnctulua.tv\/?p=37659","title":{"rendered":"Sugerido: Alcalde de Tulu\u00e1 busca apoyo internacional para proyecto ambiental."},"content":{"rendered":"\n<p>El alcalde de Tulu\u00e1, Gustavo Adolfo V\u00e9lez Rom\u00e1n, anunci\u00f3 ante el Concejo Municipal la puesta en marcha del Proyecto de la Vida, que busca recuperar un tramo del r\u00edo comprendido entre las calles 34 y 38.<\/p>\n\n\n\n<figure class=\"wp-block-embed is-type-video is-provider-youtube wp-block-embed-youtube wp-embed-aspect-16-9 wp-has-aspect-ratio\"><div class=\"wp-block-embed__wrapper\">\n<iframe loading=\"lazy\" title=\"\ud83c\udf0d Nuevo proyecto tur\u00edstico y ambiental en Tulu\u00e1.\" width=\"640\" height=\"360\" src=\"https:\/\/www.youtube.com\/embed\/eCb_L_UKVw4?feature=oembed\" frameborder=\"0\" allow=\"accelerometer; autoplay; clipboard-write; encrypted-media; gyroscope; picture-in-picture; web-share\" referrerpolicy=\"strict-origin-when-cross-origin\" allowfullscreen><\/iframe>\n<\/div><\/figure>\n\n\n\n<p>La propuesta ser\u00e1 presentada en Bruselas ante organismos internacionales, con el fin de conseguir financiaci\u00f3n que permita su ejecuci\u00f3n. V\u00e9lez Rom\u00e1n se\u00f1al\u00f3 que, aunque para el municipio los costos son significativos, para pa\u00edses europeos los aportes ser\u00edan montos menores.<\/p>\n\n\n\n<figure class=\"wp-block-image size-full\"><img loading=\"lazy\" decoding=\"async\" width=\"898\" height=\"561\" src=\"https:\/\/cnctulua.tv\/wp-content\/uploads\/2025\/09\/PROYECTO-DE-LA.png\" alt=\"\" class=\"wp-image-37661\" srcset=\"https:\/\/cnctulua.tv\/wp-content\/uploads\/2025\/09\/PROYECTO-DE-LA.png 898w, https:\/\/cnctulua.tv\/wp-content\/uploads\/2025\/09\/PROYECTO-DE-LA-300x187.png 300w, https:\/\/cnctulua.tv\/wp-content\/uploads\/2025\/09\/PROYECTO-DE-LA-768x480.png 768w\" sizes=\"auto, (max-width: 898px) 100vw, 898px\" \/><\/figure>\n\n\n\n<p>Con esta iniciativa, la administraci\u00f3n municipal busca consolidar a Tulu\u00e1 como un polo de desarrollo tur\u00edstico y econ\u00f3mico, generando nuevas oportunidades de empleo y mejorando la calidad de vida de los habitantes.<\/p>\n","protected":false},"excerpt":{"rendered":"<p>El alcalde de Tulu\u00e1, Gustavo Adolfo V\u00e9lez Rom\u00e1n, anunci\u00f3 ante el Concejo Municipal la puesta en marcha del Proyecto de la Vida, que busca recuperar un tramo del r\u00edo comprendido entre las calles 34 y 38. La propuesta ser\u00e1 presentada en Bruselas ante organismos internacionales, con el fin de conseguir financiaci\u00f3n que permita su ejecuci\u00f3n. [&hellip;]<\/p>\n","protected":false},"author":3,"featured_media":37660,"comment_status":"open","ping_status":"open","sticky":false,"template":"","format":"video","meta":{"footnotes":""},"categories":[10,1515],"tags":[],"class_list":["post-37659","post","type-post","status-publish","format-video","has-post-thumbnail","hentry","category-cnc-noticias-tulua","category-cnc-tulua","post_format-post-format-video"],"_links":{"self":[{"href":"https:\/\/cnctulua.tv\/index.php?rest_route=\/wp\/v2\/posts\/37659","targetHints":{"allow":["GET"]}}],"collection":[{"href":"https:\/\/cnctulua.tv\/index.php?rest_route=\/wp\/v2\/posts"}],"about":[{"href":"https:\/\/cnctulua.tv\/index.php?rest_route=\/wp\/v2\/types\/post"}],"author":[{"embeddable":true,"href":"https:\/\/cnctulua.tv\/index.php?rest_route=\/wp\/v2\/users\/3"}],"replies":[{"embeddable":true,"href":"https:\/\/cnctulua.tv\/index.php?rest_route=%2Fwp%2Fv2%2Fcomments&post=37659"}],"version-history":[{"count":1,"href":"https:\/\/cnctulua.tv\/index.php?rest_route=\/wp\/v2\/posts\/37659\/revisions"}],"predecessor-version":[{"id":37666,"href":"https:\/\/cnctulua.tv\/index.php?rest_route=\/wp\/v2\/posts\/37659\/revisions\/37666"}],"wp:featuredmedia":[{"embeddable":true,"href":"https:\/\/cnctulua.tv\/index.php?rest_route=\/wp\/v2\/media\/37660"}],"wp:attachment":[{"href":"https:\/\/cnctulua.tv\/index.php?rest_route=%2Fwp%2Fv2%2Fmedia&parent=37659"}],"wp:term":[{"taxonomy":"category","embeddable":true,"href":"https:\/\/cnctulua.tv\/index.php?rest_route=%2Fwp%2Fv2%2Fcategories&post=37659"},{"taxonomy":"post_tag","embeddable":true,"href":"https:\/\/cnctulua.tv\/index.php?rest_route=%2Fwp%2Fv2%2Ftags&post=37659"}],"curies":[{"name":"wp","href":"https:\/\/api.w.org\/{rel}","templated":true}]}}