{"id":37705,"date":"2025-09-29T17:30:01","date_gmt":"2025-09-29T17:30:01","guid":{"rendered":"https:\/\/cnctulua.tv\/?p=37705"},"modified":"2025-09-29T17:30:01","modified_gmt":"2025-09-29T17:30:01","slug":"panorama-regional-judicial-fin-de-semana-violento-en-el-valle-del-cauca","status":"publish","type":"post","link":"https:\/\/cnctulua.tv\/?p=37705","title":{"rendered":"PANORAMA REGIONAL JUDICIAL: Fin de semana violento en el Valle del Cauca."},"content":{"rendered":"\n<p>El Valle del Cauca vivi\u00f3 un fin de semana marcado por la violencia, con m\u00faltiples hechos criminales en diferentes municipios del centro y norte del departamento.<\/p>\n\n\n\n<figure class=\"wp-block-embed is-type-video is-provider-youtube wp-block-embed-youtube wp-embed-aspect-16-9 wp-has-aspect-ratio\"><div class=\"wp-block-embed__wrapper\">\n<iframe loading=\"lazy\" title=\"\ud83d\udcccPANORAMA REGIONAL JUDICIAL: fin de semana violento en el Valle del Cauca.\" width=\"640\" height=\"360\" src=\"https:\/\/www.youtube.com\/embed\/3i6ZcZ6Y9Vo?feature=oembed\" frameborder=\"0\" allow=\"accelerometer; autoplay; clipboard-write; encrypted-media; gyroscope; picture-in-picture; web-share\" referrerpolicy=\"strict-origin-when-cross-origin\" allowfullscreen><\/iframe>\n<\/div><\/figure>\n\n\n\n<p>En Tulu\u00e1, un ataque sicarial dej\u00f3 sin vida a Dami\u00e1n Montes en el barrio La Villa de C\u00e9spedes. Horas m\u00e1s tarde, falleci\u00f3 en un hospital Shaira Pati\u00f1o, mujer trans que hab\u00eda resultado herida en otro ataque en la misma zona. En zona rural, en la vereda La Garza, fue hallado el cuerpo de un hombre con signos de violencia, lo que eleva la cifra de homicidios en septiembre a 14 en este municipio.<\/p>\n\n\n\n<p>En La Victoria, la comunidad lamenta el asesinato de Jer\u00f3nimo Casta\u00f1o, estudiante de grado once, v\u00edctima de un ataque armado en inmediaciones del hospital local. Los presuntos responsables, de 17 y 18 a\u00f1os, fueron capturados y se les incaut\u00f3 un arma de fuego.<\/p>\n\n\n\n<p>En Bugalagrande, una mujer fue asesinada en el parque principal del corregimiento de Ceyl\u00e1n. Mientras tanto, en Guadalajara de Buga, un hombre perdi\u00f3 la vida en el barrio San Antonio en medio de un ataque armado que dej\u00f3 tambi\u00e9n un herido.<\/p>\n\n\n\n<p>En La Uni\u00f3n, dos hechos violentos causaron conmoci\u00f3n: el asesinato de una pareja en el sector de La Milagrosa, donde muri\u00f3 Nelcy Viviana Cardona, madre de tres hijos, junto con su esposo. Horas m\u00e1s tarde, en la v\u00eda hacia Versalles, fue atacado a tiros Gustavo Chiquito, reconocido habitante de la zona.<\/p>\n\n\n\n<figure class=\"wp-block-image size-full is-resized\"><img loading=\"lazy\" decoding=\"async\" width=\"769\" height=\"564\" src=\"https:\/\/cnctulua.tv\/wp-content\/uploads\/2025\/09\/PALMIRA.png\" alt=\"\" class=\"wp-image-37743\" style=\"width:738px;height:auto\" srcset=\"https:\/\/cnctulua.tv\/wp-content\/uploads\/2025\/09\/PALMIRA.png 769w, https:\/\/cnctulua.tv\/wp-content\/uploads\/2025\/09\/PALMIRA-300x220.png 300w\" sizes=\"auto, (max-width: 769px) 100vw, 769px\" \/><\/figure>\n\n\n\n<p>Finalmente, en Palmira, fue asesinado Junior Barcos, un hombre con antecedentes judiciales, v\u00edctima de sicarios que lo interceptaron mientras se movilizaba en un veh\u00edculo.<\/p>\n\n\n\n<p>Las autoridades judiciales y de Polic\u00eda adelantan investigaciones para esclarecer los m\u00f3viles de estos cr\u00edmenes y dar con los responsables.<\/p>\n","protected":false},"excerpt":{"rendered":"<p>El Valle del Cauca vivi\u00f3 un fin de semana marcado por la violencia, con m\u00faltiples hechos criminales en diferentes municipios del centro y norte del departamento. En Tulu\u00e1, un ataque sicarial dej\u00f3 sin vida a Dami\u00e1n Montes en el barrio La Villa de C\u00e9spedes. Horas m\u00e1s tarde, falleci\u00f3 en un hospital Shaira Pati\u00f1o, mujer trans [&hellip;]<\/p>\n","protected":false},"author":3,"featured_media":37742,"comment_status":"open","ping_status":"open","sticky":false,"template":"","format":"video","meta":{"footnotes":""},"categories":[10,1515],"tags":[],"class_list":["post-37705","post","type-post","status-publish","format-video","has-post-thumbnail","hentry","category-cnc-noticias-tulua","category-cnc-tulua","post_format-post-format-video"],"_links":{"self":[{"href":"https:\/\/cnctulua.tv\/index.php?rest_route=\/wp\/v2\/posts\/37705","targetHints":{"allow":["GET"]}}],"collection":[{"href":"https:\/\/cnctulua.tv\/index.php?rest_route=\/wp\/v2\/posts"}],"about":[{"href":"https:\/\/cnctulua.tv\/index.php?rest_route=\/wp\/v2\/types\/post"}],"author":[{"embeddable":true,"href":"https:\/\/cnctulua.tv\/index.php?rest_route=\/wp\/v2\/users\/3"}],"replies":[{"embeddable":true,"href":"https:\/\/cnctulua.tv\/index.php?rest_route=%2Fwp%2Fv2%2Fcomments&post=37705"}],"version-history":[{"count":1,"href":"https:\/\/cnctulua.tv\/index.php?rest_route=\/wp\/v2\/posts\/37705\/revisions"}],"predecessor-version":[{"id":37744,"href":"https:\/\/cnctulua.tv\/index.php?rest_route=\/wp\/v2\/posts\/37705\/revisions\/37744"}],"wp:featuredmedia":[{"embeddable":true,"href":"https:\/\/cnctulua.tv\/index.php?rest_route=\/wp\/v2\/media\/37742"}],"wp:attachment":[{"href":"https:\/\/cnctulua.tv\/index.php?rest_route=%2Fwp%2Fv2%2Fmedia&parent=37705"}],"wp:term":[{"taxonomy":"category","embeddable":true,"href":"https:\/\/cnctulua.tv\/index.php?rest_route=%2Fwp%2Fv2%2Fcategories&post=37705"},{"taxonomy":"post_tag","embeddable":true,"href":"https:\/\/cnctulua.tv\/index.php?rest_route=%2Fwp%2Fv2%2Ftags&post=37705"}],"curies":[{"name":"wp","href":"https:\/\/api.w.org\/{rel}","templated":true}]}}