{"id":37707,"date":"2025-09-29T18:02:51","date_gmt":"2025-09-29T18:02:51","guid":{"rendered":"https:\/\/cnctulua.tv\/?p=37707"},"modified":"2025-09-29T18:02:51","modified_gmt":"2025-09-29T18:02:51","slug":"alcaldia-exalto-la-labor-de-mas-de-1-000-docentes-del-corazon-del-valle","status":"publish","type":"post","link":"https:\/\/cnctulua.tv\/?p=37707","title":{"rendered":"Alcald\u00eda exalt\u00f3 la labor de m\u00e1s de 1.000 docentes del Coraz\u00f3n del Valle."},"content":{"rendered":"\n<p>En un emotivo encuentro realizado en el Coliseo de Ferias Manuel Victoria Rojas, m\u00e1s de 1.000 docentes del Coraz\u00f3n del Valle fueron homenajeados por la Alcald\u00eda de Tulu\u00e1 y la Secretar\u00eda de Educaci\u00f3n Municipal, en reconocimiento a su compromiso y vocaci\u00f3n en la formaci\u00f3n de ni\u00f1os, ni\u00f1as y j\u00f3venes.<\/p>\n\n\n\n<figure class=\"wp-block-embed is-type-video is-provider-youtube wp-block-embed-youtube wp-embed-aspect-16-9 wp-has-aspect-ratio\"><div class=\"wp-block-embed__wrapper\">\nhttps:\/\/youtu.be\/HulzR7jvQUY\n<\/div><\/figure>\n\n\n\n<p>La jornada cont\u00f3 con la participaci\u00f3n del conferencista internacional Jeison Aristiz\u00e1bal, primer latinoamericano en recibir el premio H\u00e9roe CNN, quien comparti\u00f3 con los maestros un mensaje inspirador sobre empoderamiento, superaci\u00f3n personal y felicidad en el ejercicio docente.<\/p>\n\n\n\n<p>Durante el evento, se rindi\u00f3 homenaje a directivos, docentes orientadores y maestros que d\u00eda a d\u00eda transforman vidas con su entrega y dedicaci\u00f3n. Adem\u00e1s, estos espacios permiten fortalecer la relaci\u00f3n entre la Secretar\u00eda de Educaci\u00f3n, rectores, maestros y padres de familia, en torno a una educaci\u00f3n de calidad para los tulue\u00f1os.<\/p>\n\n\n\n<p>El secretario de Educaci\u00f3n, Robert Posada, resalt\u00f3 que este tipo de encuentros \u201cdignifican la labor docente y abren escenarios para compartir avances, escuchar necesidades y seguir construyendo una educaci\u00f3n con calidad, infraestructura y permanencia escolar para todos\u201d.<\/p>\n","protected":false},"excerpt":{"rendered":"<p>En un emotivo encuentro realizado en el Coliseo de Ferias Manuel Victoria Rojas, m\u00e1s de 1.000 docentes del Coraz\u00f3n del Valle fueron homenajeados por la Alcald\u00eda de Tulu\u00e1 y la Secretar\u00eda de Educaci\u00f3n Municipal, en reconocimiento a su compromiso y vocaci\u00f3n en la formaci\u00f3n de ni\u00f1os, ni\u00f1as y j\u00f3venes. La jornada cont\u00f3 con la participaci\u00f3n [&hellip;]<\/p>\n","protected":false},"author":3,"featured_media":37746,"comment_status":"open","ping_status":"open","sticky":false,"template":"","format":"video","meta":{"footnotes":""},"categories":[10,1515],"tags":[],"class_list":["post-37707","post","type-post","status-publish","format-video","has-post-thumbnail","hentry","category-cnc-noticias-tulua","category-cnc-tulua","post_format-post-format-video"],"_links":{"self":[{"href":"https:\/\/cnctulua.tv\/index.php?rest_route=\/wp\/v2\/posts\/37707","targetHints":{"allow":["GET"]}}],"collection":[{"href":"https:\/\/cnctulua.tv\/index.php?rest_route=\/wp\/v2\/posts"}],"about":[{"href":"https:\/\/cnctulua.tv\/index.php?rest_route=\/wp\/v2\/types\/post"}],"author":[{"embeddable":true,"href":"https:\/\/cnctulua.tv\/index.php?rest_route=\/wp\/v2\/users\/3"}],"replies":[{"embeddable":true,"href":"https:\/\/cnctulua.tv\/index.php?rest_route=%2Fwp%2Fv2%2Fcomments&post=37707"}],"version-history":[{"count":1,"href":"https:\/\/cnctulua.tv\/index.php?rest_route=\/wp\/v2\/posts\/37707\/revisions"}],"predecessor-version":[{"id":37749,"href":"https:\/\/cnctulua.tv\/index.php?rest_route=\/wp\/v2\/posts\/37707\/revisions\/37749"}],"wp:featuredmedia":[{"embeddable":true,"href":"https:\/\/cnctulua.tv\/index.php?rest_route=\/wp\/v2\/media\/37746"}],"wp:attachment":[{"href":"https:\/\/cnctulua.tv\/index.php?rest_route=%2Fwp%2Fv2%2Fmedia&parent=37707"}],"wp:term":[{"taxonomy":"category","embeddable":true,"href":"https:\/\/cnctulua.tv\/index.php?rest_route=%2Fwp%2Fv2%2Fcategories&post=37707"},{"taxonomy":"post_tag","embeddable":true,"href":"https:\/\/cnctulua.tv\/index.php?rest_route=%2Fwp%2Fv2%2Ftags&post=37707"}],"curies":[{"name":"wp","href":"https:\/\/api.w.org\/{rel}","templated":true}]}}