{"id":37719,"date":"2025-09-29T16:20:13","date_gmt":"2025-09-29T16:20:13","guid":{"rendered":"https:\/\/cnctulua.tv\/?p=37719"},"modified":"2025-09-29T16:20:13","modified_gmt":"2025-09-29T16:20:13","slug":"autoridades-exaltan-90-anos-del-colegio-san-francisco-de-tulua","status":"publish","type":"post","link":"https:\/\/cnctulua.tv\/?p=37719","title":{"rendered":"Autoridades exaltan 90 a\u00f1os del Colegio San Francisco de Tulu\u00e1."},"content":{"rendered":"\n<p>El aniversario 90 del Colegio San Francisco de Tulu\u00e1 cont\u00f3 con la participaci\u00f3n de autoridades departamentales, municipales y del sector empresarial, quienes resaltaron el impacto de la instituci\u00f3n en la formaci\u00f3n de varias generaciones.<\/p>\n\n\n\n<figure class=\"wp-block-embed is-type-video is-provider-youtube wp-block-embed-youtube wp-embed-aspect-16-9 wp-has-aspect-ratio\"><div class=\"wp-block-embed__wrapper\">\n<iframe loading=\"lazy\" title=\"\ud83c\udfc5 Autoridades rinden homenaje al Colegio San Francisco en sus 90 a\u00f1os. \ud83c\udfc5\ud83c\udf93\" width=\"640\" height=\"360\" src=\"https:\/\/www.youtube.com\/embed\/3lMt3YACCNg?feature=oembed\" frameborder=\"0\" allow=\"accelerometer; autoplay; clipboard-write; encrypted-media; gyroscope; picture-in-picture; web-share\" referrerpolicy=\"strict-origin-when-cross-origin\" allowfullscreen><\/iframe>\n<\/div><\/figure>\n\n\n\n<p>La diputada Lina Mar\u00eda Segura Moyano, quien adem\u00e1s tiene lazos familiares con el colegio, entreg\u00f3 la distinci\u00f3n Cruz de Caballero en nombre de la Asamblea del Valle: \u201cEs un colegio que ha formado generaciones con valores y principios que hoy necesita nuestra sociedad\u201d.<\/p>\n\n\n\n<figure class=\"wp-block-image size-large\"><img loading=\"lazy\" decoding=\"async\" width=\"1024\" height=\"576\" src=\"https:\/\/cnctulua.tv\/wp-content\/uploads\/2025\/09\/WhatsApp-Image-2025-09-29-at-10.30.54-AM-1024x576.jpeg\" alt=\"\" class=\"wp-image-37725\" srcset=\"https:\/\/cnctulua.tv\/wp-content\/uploads\/2025\/09\/WhatsApp-Image-2025-09-29-at-10.30.54-AM-1024x576.jpeg 1024w, https:\/\/cnctulua.tv\/wp-content\/uploads\/2025\/09\/WhatsApp-Image-2025-09-29-at-10.30.54-AM-300x169.jpeg 300w, https:\/\/cnctulua.tv\/wp-content\/uploads\/2025\/09\/WhatsApp-Image-2025-09-29-at-10.30.54-AM-768x432.jpeg 768w, https:\/\/cnctulua.tv\/wp-content\/uploads\/2025\/09\/WhatsApp-Image-2025-09-29-at-10.30.54-AM-1536x864.jpeg 1536w, https:\/\/cnctulua.tv\/wp-content\/uploads\/2025\/09\/WhatsApp-Image-2025-09-29-at-10.30.54-AM.jpeg 1600w\" sizes=\"auto, (max-width: 1024px) 100vw, 1024px\" \/><\/figure>\n\n\n\n<p>Por su parte, el secretario de Educaci\u00f3n de Tulu\u00e1, Robert Posada Rosero, afirm\u00f3 que la trayectoria del colegio es un ejemplo para el municipio: \u201cLa educaci\u00f3n sigue siendo la principal herramienta de transformaci\u00f3n social y aqu\u00ed se demuestra con hechos\u201d.<\/p>\n\n\n\n<p>El presidente ejecutivo de la C\u00e1mara de Comercio de Tulu\u00e1 y egresado de la instituci\u00f3n, Miguel \u00c1ngel Gonz\u00e1lez, tambi\u00e9n destac\u00f3 el legado franciscano: \u201cLa educaci\u00f3n es el camino para construir el pa\u00eds que todos necesitamos\u201d.<\/p>\n\n\n\n<p>Con estos reconocimientos, la comunidad educativa reafirma su compromiso con la formaci\u00f3n integral de ni\u00f1os y j\u00f3venes bajo los valores franciscanos de paz y bien.<\/p>\n","protected":false},"excerpt":{"rendered":"<p>El aniversario 90 del Colegio San Francisco de Tulu\u00e1 cont\u00f3 con la participaci\u00f3n de autoridades departamentales, municipales y del sector empresarial, quienes resaltaron el impacto de la instituci\u00f3n en la formaci\u00f3n de varias generaciones. La diputada Lina Mar\u00eda Segura Moyano, quien adem\u00e1s tiene lazos familiares con el colegio, entreg\u00f3 la distinci\u00f3n Cruz de Caballero en [&hellip;]<\/p>\n","protected":false},"author":3,"featured_media":37721,"comment_status":"open","ping_status":"open","sticky":false,"template":"","format":"video","meta":{"footnotes":""},"categories":[10,1515],"tags":[],"class_list":["post-37719","post","type-post","status-publish","format-video","has-post-thumbnail","hentry","category-cnc-noticias-tulua","category-cnc-tulua","post_format-post-format-video"],"_links":{"self":[{"href":"https:\/\/cnctulua.tv\/index.php?rest_route=\/wp\/v2\/posts\/37719","targetHints":{"allow":["GET"]}}],"collection":[{"href":"https:\/\/cnctulua.tv\/index.php?rest_route=\/wp\/v2\/posts"}],"about":[{"href":"https:\/\/cnctulua.tv\/index.php?rest_route=\/wp\/v2\/types\/post"}],"author":[{"embeddable":true,"href":"https:\/\/cnctulua.tv\/index.php?rest_route=\/wp\/v2\/users\/3"}],"replies":[{"embeddable":true,"href":"https:\/\/cnctulua.tv\/index.php?rest_route=%2Fwp%2Fv2%2Fcomments&post=37719"}],"version-history":[{"count":1,"href":"https:\/\/cnctulua.tv\/index.php?rest_route=\/wp\/v2\/posts\/37719\/revisions"}],"predecessor-version":[{"id":37728,"href":"https:\/\/cnctulua.tv\/index.php?rest_route=\/wp\/v2\/posts\/37719\/revisions\/37728"}],"wp:featuredmedia":[{"embeddable":true,"href":"https:\/\/cnctulua.tv\/index.php?rest_route=\/wp\/v2\/media\/37721"}],"wp:attachment":[{"href":"https:\/\/cnctulua.tv\/index.php?rest_route=%2Fwp%2Fv2%2Fmedia&parent=37719"}],"wp:term":[{"taxonomy":"category","embeddable":true,"href":"https:\/\/cnctulua.tv\/index.php?rest_route=%2Fwp%2Fv2%2Fcategories&post=37719"},{"taxonomy":"post_tag","embeddable":true,"href":"https:\/\/cnctulua.tv\/index.php?rest_route=%2Fwp%2Fv2%2Ftags&post=37719"}],"curies":[{"name":"wp","href":"https:\/\/api.w.org\/{rel}","templated":true}]}}