{"id":37722,"date":"2025-09-29T16:20:23","date_gmt":"2025-09-29T16:20:23","guid":{"rendered":"https:\/\/cnctulua.tv\/?p=37722"},"modified":"2025-09-29T16:20:23","modified_gmt":"2025-09-29T16:20:23","slug":"colegio-san-francisco-de-tulua-cerrara-aniversario-con-desfile-y-eventos-culturales","status":"publish","type":"post","link":"https:\/\/cnctulua.tv\/?p=37722","title":{"rendered":"Colegio San Francisco de Tulu\u00e1 cerrar\u00e1 aniversario con desfile y eventos culturales."},"content":{"rendered":"\n<p>El pr\u00f3ximo 3 de octubre, el Colegio San Francisco de Tulu\u00e1 culminar\u00e1 la celebraci\u00f3n de sus 90 a\u00f1os con un desfile por las principales calles del municipio y una programaci\u00f3n cultural abierta a la comunidad.<\/p>\n\n\n\n<figure class=\"wp-block-embed is-type-video is-provider-youtube wp-block-embed-youtube wp-embed-aspect-16-9 wp-has-aspect-ratio\"><div class=\"wp-block-embed__wrapper\">\n<iframe loading=\"lazy\" title=\"\ud83c\udf89 Desfile por los 90 a\u00f1os del Colegio San Francisco el pr\u00f3ximo 3 de octubre. \ud83c\udf89\ud83c\udf93\" width=\"640\" height=\"360\" src=\"https:\/\/www.youtube.com\/embed\/2ELTyAYmH9E?feature=oembed\" frameborder=\"0\" allow=\"accelerometer; autoplay; clipboard-write; encrypted-media; gyroscope; picture-in-picture; web-share\" referrerpolicy=\"strict-origin-when-cross-origin\" allowfullscreen><\/iframe>\n<\/div><\/figure>\n\n\n\n<p>La docente Lina Mar\u00eda L\u00f3pez Castro explic\u00f3 que la instituci\u00f3n quiere compartir este momento con todos los tulue\u00f1os: \u201cInvitamos a la comunidad a que nos acompa\u00f1e y conozcan un poco m\u00e1s de nuestra instituci\u00f3n\u201d.<\/p>\n\n\n\n<figure class=\"wp-block-image size-full\"><img loading=\"lazy\" decoding=\"async\" width=\"917\" height=\"511\" src=\"https:\/\/cnctulua.tv\/wp-content\/uploads\/2025\/09\/desfile.png\" alt=\"\" class=\"wp-image-37724\" srcset=\"https:\/\/cnctulua.tv\/wp-content\/uploads\/2025\/09\/desfile.png 917w, https:\/\/cnctulua.tv\/wp-content\/uploads\/2025\/09\/desfile-300x167.png 300w, https:\/\/cnctulua.tv\/wp-content\/uploads\/2025\/09\/desfile-768x428.png 768w\" sizes=\"auto, (max-width: 917px) 100vw, 917px\" \/><\/figure>\n\n\n\n<p>El colegio ha sido reconocido a lo largo de nueve d\u00e9cadas por su formaci\u00f3n acad\u00e9mica y en valores. Seg\u00fan la docente, \u201cel mensaje que dejamos es la calidad y la fraternidad. Hemos educado con amor y compromiso, y eso lo reflejan nuestros egresados\u201d.<\/p>\n\n\n\n<p>Con estas actividades, la instituci\u00f3n franciscana reafirma su papel como referente educativo y cultural en la regi\u00f3n.<\/p>\n","protected":false},"excerpt":{"rendered":"<p>El pr\u00f3ximo 3 de octubre, el Colegio San Francisco de Tulu\u00e1 culminar\u00e1 la celebraci\u00f3n de sus 90 a\u00f1os con un desfile por las principales calles del municipio y una programaci\u00f3n cultural abierta a la comunidad. La docente Lina Mar\u00eda L\u00f3pez Castro explic\u00f3 que la instituci\u00f3n quiere compartir este momento con todos los tulue\u00f1os: \u201cInvitamos a [&hellip;]<\/p>\n","protected":false},"author":3,"featured_media":37723,"comment_status":"open","ping_status":"open","sticky":false,"template":"","format":"video","meta":{"footnotes":""},"categories":[10,1515],"tags":[],"class_list":["post-37722","post","type-post","status-publish","format-video","has-post-thumbnail","hentry","category-cnc-noticias-tulua","category-cnc-tulua","post_format-post-format-video"],"_links":{"self":[{"href":"https:\/\/cnctulua.tv\/index.php?rest_route=\/wp\/v2\/posts\/37722","targetHints":{"allow":["GET"]}}],"collection":[{"href":"https:\/\/cnctulua.tv\/index.php?rest_route=\/wp\/v2\/posts"}],"about":[{"href":"https:\/\/cnctulua.tv\/index.php?rest_route=\/wp\/v2\/types\/post"}],"author":[{"embeddable":true,"href":"https:\/\/cnctulua.tv\/index.php?rest_route=\/wp\/v2\/users\/3"}],"replies":[{"embeddable":true,"href":"https:\/\/cnctulua.tv\/index.php?rest_route=%2Fwp%2Fv2%2Fcomments&post=37722"}],"version-history":[{"count":1,"href":"https:\/\/cnctulua.tv\/index.php?rest_route=\/wp\/v2\/posts\/37722\/revisions"}],"predecessor-version":[{"id":37729,"href":"https:\/\/cnctulua.tv\/index.php?rest_route=\/wp\/v2\/posts\/37722\/revisions\/37729"}],"wp:featuredmedia":[{"embeddable":true,"href":"https:\/\/cnctulua.tv\/index.php?rest_route=\/wp\/v2\/media\/37723"}],"wp:attachment":[{"href":"https:\/\/cnctulua.tv\/index.php?rest_route=%2Fwp%2Fv2%2Fmedia&parent=37722"}],"wp:term":[{"taxonomy":"category","embeddable":true,"href":"https:\/\/cnctulua.tv\/index.php?rest_route=%2Fwp%2Fv2%2Fcategories&post=37722"},{"taxonomy":"post_tag","embeddable":true,"href":"https:\/\/cnctulua.tv\/index.php?rest_route=%2Fwp%2Fv2%2Ftags&post=37722"}],"curies":[{"name":"wp","href":"https:\/\/api.w.org\/{rel}","templated":true}]}}