{"id":37751,"date":"2025-09-29T18:34:17","date_gmt":"2025-09-29T18:34:17","guid":{"rendered":"https:\/\/cnctulua.tv\/?p=37751"},"modified":"2025-09-29T18:34:17","modified_gmt":"2025-09-29T18:34:17","slug":"valle-del-cauca-impulsa-exportaciones-de-empresas-de-belleza","status":"publish","type":"post","link":"https:\/\/cnctulua.tv\/?p=37751","title":{"rendered":"Valle del Cauca impulsa exportaciones de empresas de belleza."},"content":{"rendered":"\n<p>La Gobernaci\u00f3n del Valle del Cauca, en alianza con la C\u00e1mara de Comercio de Cali y el Hub de E-Commerce, abri\u00f3 las inscripciones para el Programa Estrategia Comercial para Am\u00e9rica Latina: Ecuador, hasta el pr\u00f3ximo 1 de octubre.<\/p>\n\n\n\n<figure class=\"wp-block-embed is-type-video is-provider-youtube wp-block-embed-youtube wp-embed-aspect-16-9 wp-has-aspect-ratio\"><div class=\"wp-block-embed__wrapper\">\n<iframe loading=\"lazy\" title=\"\ud83c\udf0e\ud83d\udc84Programa de internacionalizaci\u00f3n para empresas de belleza.\" width=\"640\" height=\"360\" src=\"https:\/\/www.youtube.com\/embed\/kDBs5dJADMM?feature=oembed\" frameborder=\"0\" allow=\"accelerometer; autoplay; clipboard-write; encrypted-media; gyroscope; picture-in-picture; web-share\" referrerpolicy=\"strict-origin-when-cross-origin\" allowfullscreen><\/iframe>\n<\/div><\/figure>\n\n\n\n<p>El programa permitir\u00e1 a las empresas de belleza y cuidado personal desarrollar una estrategia comercial y de marketing digital para ingresar al mercado ecuatoriano. Seg\u00fan \u00d3scar Eduardo Vivas, secretario de Desarrollo Econ\u00f3mico, Competitividad y Fomento del Empleo, se trabajar\u00e1 en tres fases: diagn\u00f3stico del nivel de madurez en exportaciones y comercio electr\u00f3nico; dise\u00f1o de la estrategia; e implementaci\u00f3n del plan de internacionalizaci\u00f3n.<\/p>\n\n\n\n<figure class=\"wp-block-image size-large\"><img loading=\"lazy\" decoding=\"async\" width=\"1024\" height=\"556\" src=\"https:\/\/cnctulua.tv\/wp-content\/uploads\/2025\/09\/apoyos-HUB-ECOMMERCE-2-1024x556.jpeg\" alt=\"\" class=\"wp-image-37757\" srcset=\"https:\/\/cnctulua.tv\/wp-content\/uploads\/2025\/09\/apoyos-HUB-ECOMMERCE-2-1024x556.jpeg 1024w, https:\/\/cnctulua.tv\/wp-content\/uploads\/2025\/09\/apoyos-HUB-ECOMMERCE-2-300x163.jpeg 300w, https:\/\/cnctulua.tv\/wp-content\/uploads\/2025\/09\/apoyos-HUB-ECOMMERCE-2-768x417.jpeg 768w, https:\/\/cnctulua.tv\/wp-content\/uploads\/2025\/09\/apoyos-HUB-ECOMMERCE-2.jpeg 1179w\" sizes=\"auto, (max-width: 1024px) 100vw, 1024px\" \/><\/figure>\n\n\n\n<p>El objetivo es fortalecer las capacidades empresariales y acompa\u00f1ar a las compa\u00f1\u00edas en la creaci\u00f3n de estrategias de marketing digital adaptadas a un mercado cercano, con mismo idioma y costumbres, facilitando la venta transfronteriza.<\/p>\n\n\n\n<p>Las empresas interesadas pueden inscribirse a trav\u00e9s del enlace: https:\/\/url-shortener.me\/5KGS<\/p>\n","protected":false},"excerpt":{"rendered":"<p>La Gobernaci\u00f3n del Valle del Cauca, en alianza con la C\u00e1mara de Comercio de Cali y el Hub de E-Commerce, abri\u00f3 las inscripciones para el Programa Estrategia Comercial para Am\u00e9rica Latina: Ecuador, hasta el pr\u00f3ximo 1 de octubre. El programa permitir\u00e1 a las empresas de belleza y cuidado personal desarrollar una estrategia comercial y de [&hellip;]<\/p>\n","protected":false},"author":3,"featured_media":37752,"comment_status":"open","ping_status":"open","sticky":false,"template":"","format":"video","meta":{"footnotes":""},"categories":[10,1515],"tags":[],"class_list":["post-37751","post","type-post","status-publish","format-video","has-post-thumbnail","hentry","category-cnc-noticias-tulua","category-cnc-tulua","post_format-post-format-video"],"_links":{"self":[{"href":"https:\/\/cnctulua.tv\/index.php?rest_route=\/wp\/v2\/posts\/37751","targetHints":{"allow":["GET"]}}],"collection":[{"href":"https:\/\/cnctulua.tv\/index.php?rest_route=\/wp\/v2\/posts"}],"about":[{"href":"https:\/\/cnctulua.tv\/index.php?rest_route=\/wp\/v2\/types\/post"}],"author":[{"embeddable":true,"href":"https:\/\/cnctulua.tv\/index.php?rest_route=\/wp\/v2\/users\/3"}],"replies":[{"embeddable":true,"href":"https:\/\/cnctulua.tv\/index.php?rest_route=%2Fwp%2Fv2%2Fcomments&post=37751"}],"version-history":[{"count":1,"href":"https:\/\/cnctulua.tv\/index.php?rest_route=\/wp\/v2\/posts\/37751\/revisions"}],"predecessor-version":[{"id":37760,"href":"https:\/\/cnctulua.tv\/index.php?rest_route=\/wp\/v2\/posts\/37751\/revisions\/37760"}],"wp:featuredmedia":[{"embeddable":true,"href":"https:\/\/cnctulua.tv\/index.php?rest_route=\/wp\/v2\/media\/37752"}],"wp:attachment":[{"href":"https:\/\/cnctulua.tv\/index.php?rest_route=%2Fwp%2Fv2%2Fmedia&parent=37751"}],"wp:term":[{"taxonomy":"category","embeddable":true,"href":"https:\/\/cnctulua.tv\/index.php?rest_route=%2Fwp%2Fv2%2Fcategories&post=37751"},{"taxonomy":"post_tag","embeddable":true,"href":"https:\/\/cnctulua.tv\/index.php?rest_route=%2Fwp%2Fv2%2Ftags&post=37751"}],"curies":[{"name":"wp","href":"https:\/\/api.w.org\/{rel}","templated":true}]}}