{"id":37755,"date":"2025-09-29T18:47:59","date_gmt":"2025-09-29T18:47:59","guid":{"rendered":"https:\/\/cnctulua.tv\/?p=37755"},"modified":"2025-09-29T18:47:59","modified_gmt":"2025-09-29T18:47:59","slug":"capturan-a-dos-presuntos-responsables-de-asesinato-de-menor","status":"publish","type":"post","link":"https:\/\/cnctulua.tv\/?p=37755","title":{"rendered":"Capturan a dos presuntos responsables de asesinato de menor."},"content":{"rendered":"\n<p>En un operativo desarrollado por las autoridades locales en Roldanillo, se logr\u00f3 la captura de un hombre de 18 a\u00f1os y la aprehensi\u00f3n de un menor de edad, vinculados con el atentado sicarial que acab\u00f3 con la vida de un adolescente.<\/p>\n\n\n\n<figure class=\"wp-block-embed is-type-video is-provider-youtube wp-block-embed-youtube wp-embed-aspect-16-9 wp-has-aspect-ratio\"><div class=\"wp-block-embed__wrapper\">\n<iframe loading=\"lazy\" title=\"Capturan a dos por asesinato de menor en Roldanillo. \u26a0\ufe0f\ud83d\udc6e\u200d\u2642\ufe0f\" width=\"640\" height=\"360\" src=\"https:\/\/www.youtube.com\/embed\/ffF9dYq8iAk?feature=oembed\" frameborder=\"0\" allow=\"accelerometer; autoplay; clipboard-write; encrypted-media; gyroscope; picture-in-picture; web-share\" referrerpolicy=\"strict-origin-when-cross-origin\" allowfullscreen><\/iframe>\n<\/div><\/figure>\n\n\n\n<p>Durante el procedimiento, se incaut\u00f3 un arma de fuego que habr\u00eda sido utilizada en el crimen. La v\u00edctima falleci\u00f3 debido a la gravedad de las heridas.<\/p>\n\n\n\n<p>Las autoridades judiciales y de Polic\u00eda contin\u00faan con las investigaciones para esclarecer los hechos y determinar responsabilidades, mientras la comunidad expresa preocupaci\u00f3n por la violencia que afecta a la regi\u00f3n.<\/p>\n","protected":false},"excerpt":{"rendered":"<p>En un operativo desarrollado por las autoridades locales en Roldanillo, se logr\u00f3 la captura de un hombre de 18 a\u00f1os y la aprehensi\u00f3n de un menor de edad, vinculados con el atentado sicarial que acab\u00f3 con la vida de un adolescente. Durante el procedimiento, se incaut\u00f3 un arma de fuego que habr\u00eda sido utilizada en [&hellip;]<\/p>\n","protected":false},"author":3,"featured_media":37758,"comment_status":"open","ping_status":"open","sticky":false,"template":"","format":"video","meta":{"footnotes":""},"categories":[10,1515],"tags":[],"class_list":["post-37755","post","type-post","status-publish","format-video","has-post-thumbnail","hentry","category-cnc-noticias-tulua","category-cnc-tulua","post_format-post-format-video"],"_links":{"self":[{"href":"https:\/\/cnctulua.tv\/index.php?rest_route=\/wp\/v2\/posts\/37755","targetHints":{"allow":["GET"]}}],"collection":[{"href":"https:\/\/cnctulua.tv\/index.php?rest_route=\/wp\/v2\/posts"}],"about":[{"href":"https:\/\/cnctulua.tv\/index.php?rest_route=\/wp\/v2\/types\/post"}],"author":[{"embeddable":true,"href":"https:\/\/cnctulua.tv\/index.php?rest_route=\/wp\/v2\/users\/3"}],"replies":[{"embeddable":true,"href":"https:\/\/cnctulua.tv\/index.php?rest_route=%2Fwp%2Fv2%2Fcomments&post=37755"}],"version-history":[{"count":1,"href":"https:\/\/cnctulua.tv\/index.php?rest_route=\/wp\/v2\/posts\/37755\/revisions"}],"predecessor-version":[{"id":37762,"href":"https:\/\/cnctulua.tv\/index.php?rest_route=\/wp\/v2\/posts\/37755\/revisions\/37762"}],"wp:featuredmedia":[{"embeddable":true,"href":"https:\/\/cnctulua.tv\/index.php?rest_route=\/wp\/v2\/media\/37758"}],"wp:attachment":[{"href":"https:\/\/cnctulua.tv\/index.php?rest_route=%2Fwp%2Fv2%2Fmedia&parent=37755"}],"wp:term":[{"taxonomy":"category","embeddable":true,"href":"https:\/\/cnctulua.tv\/index.php?rest_route=%2Fwp%2Fv2%2Fcategories&post=37755"},{"taxonomy":"post_tag","embeddable":true,"href":"https:\/\/cnctulua.tv\/index.php?rest_route=%2Fwp%2Fv2%2Ftags&post=37755"}],"curies":[{"name":"wp","href":"https:\/\/api.w.org\/{rel}","templated":true}]}}