{"id":37774,"date":"2025-09-30T16:45:38","date_gmt":"2025-09-30T16:45:38","guid":{"rendered":"https:\/\/cnctulua.tv\/?p=37774"},"modified":"2025-09-30T16:45:38","modified_gmt":"2025-09-30T16:45:38","slug":"esclarecen-homicidio-ocurrido-en-palmira-en-septiembre-de-2024","status":"publish","type":"post","link":"https:\/\/cnctulua.tv\/?p=37774","title":{"rendered":"Esclarecen homicidio ocurrido en Palmira en septiembre de 2024."},"content":{"rendered":"\n<p>La Polic\u00eda Nacional inform\u00f3 que fue esclarecido un homicidio registrado el 3 de septiembre del a\u00f1o 2024 en Palmira, Valle del Cauca.<\/p>\n\n\n\n<figure class=\"wp-block-embed is-type-video is-provider-youtube wp-block-embed-youtube wp-embed-aspect-16-9 wp-has-aspect-ratio\"><div class=\"wp-block-embed__wrapper\">\n<iframe loading=\"lazy\" title=\"\ud83d\udc6e\u200d\u2642\ufe0f Capturado presunto responsable de homicidio en Palmira en septiembre de 2024\" width=\"640\" height=\"360\" src=\"https:\/\/www.youtube.com\/embed\/-4BBzJ3iPQ4?feature=oembed\" frameborder=\"0\" allow=\"accelerometer; autoplay; clipboard-write; encrypted-media; gyroscope; picture-in-picture; web-share\" referrerpolicy=\"strict-origin-when-cross-origin\" allowfullscreen><\/iframe>\n<\/div><\/figure>\n\n\n\n<p>La Unidad B\u00e1sica de Investigaci\u00f3n Criminal (UBIC SEPRO) logr\u00f3 la aprehensi\u00f3n de un hombre requerido por homicidio agravado en concurso con fabricaci\u00f3n, tr\u00e1fico y porte de armas de fuego. Seg\u00fan las autoridades, el capturado, siendo menor de edad al momento de los hechos, habr\u00eda disparado contra Brandon C\u00f3rdoba, conocido con el alias de \u201cLalo\u201d, de 18 a\u00f1os de edad, provocando su muerte.<\/p>\n\n\n\n<p>El procesado presenta antecedentes judiciales por hurto calificado y da\u00f1o en bien ajeno. La Polic\u00eda Nacional destac\u00f3 el trabajo articulado con la Fiscal\u00eda General de la Naci\u00f3n y reiter\u00f3 su compromiso en la lucha contra el homicidio y los delitos que afectan la seguridad ciudadana.<\/p>\n","protected":false},"excerpt":{"rendered":"<p>La Polic\u00eda Nacional inform\u00f3 que fue esclarecido un homicidio registrado el 3 de septiembre del a\u00f1o 2024 en Palmira, Valle del Cauca. La Unidad B\u00e1sica de Investigaci\u00f3n Criminal (UBIC SEPRO) logr\u00f3 la aprehensi\u00f3n de un hombre requerido por homicidio agravado en concurso con fabricaci\u00f3n, tr\u00e1fico y porte de armas de fuego. Seg\u00fan las autoridades, el [&hellip;]<\/p>\n","protected":false},"author":3,"featured_media":37802,"comment_status":"open","ping_status":"open","sticky":false,"template":"","format":"video","meta":{"footnotes":""},"categories":[10,1515],"tags":[],"class_list":["post-37774","post","type-post","status-publish","format-video","has-post-thumbnail","hentry","category-cnc-noticias-tulua","category-cnc-tulua","post_format-post-format-video"],"_links":{"self":[{"href":"https:\/\/cnctulua.tv\/index.php?rest_route=\/wp\/v2\/posts\/37774","targetHints":{"allow":["GET"]}}],"collection":[{"href":"https:\/\/cnctulua.tv\/index.php?rest_route=\/wp\/v2\/posts"}],"about":[{"href":"https:\/\/cnctulua.tv\/index.php?rest_route=\/wp\/v2\/types\/post"}],"author":[{"embeddable":true,"href":"https:\/\/cnctulua.tv\/index.php?rest_route=\/wp\/v2\/users\/3"}],"replies":[{"embeddable":true,"href":"https:\/\/cnctulua.tv\/index.php?rest_route=%2Fwp%2Fv2%2Fcomments&post=37774"}],"version-history":[{"count":1,"href":"https:\/\/cnctulua.tv\/index.php?rest_route=\/wp\/v2\/posts\/37774\/revisions"}],"predecessor-version":[{"id":37813,"href":"https:\/\/cnctulua.tv\/index.php?rest_route=\/wp\/v2\/posts\/37774\/revisions\/37813"}],"wp:featuredmedia":[{"embeddable":true,"href":"https:\/\/cnctulua.tv\/index.php?rest_route=\/wp\/v2\/media\/37802"}],"wp:attachment":[{"href":"https:\/\/cnctulua.tv\/index.php?rest_route=%2Fwp%2Fv2%2Fmedia&parent=37774"}],"wp:term":[{"taxonomy":"category","embeddable":true,"href":"https:\/\/cnctulua.tv\/index.php?rest_route=%2Fwp%2Fv2%2Fcategories&post=37774"},{"taxonomy":"post_tag","embeddable":true,"href":"https:\/\/cnctulua.tv\/index.php?rest_route=%2Fwp%2Fv2%2Ftags&post=37774"}],"curies":[{"name":"wp","href":"https:\/\/api.w.org\/{rel}","templated":true}]}}