{"id":37778,"date":"2025-09-30T16:44:17","date_gmt":"2025-09-30T16:44:17","guid":{"rendered":"https:\/\/cnctulua.tv\/?p=37778"},"modified":"2025-09-30T16:44:17","modified_gmt":"2025-09-30T16:44:17","slug":"toque-de-queda-para-menores-tras-hecho-violento-en-la-victoria-2","status":"publish","type":"post","link":"https:\/\/cnctulua.tv\/?p=37778","title":{"rendered":"Toque de queda para menores tras hecho violento en La Victoria."},"content":{"rendered":"\n<p>Un ataque sicarial registrado en la noche del s\u00e1bado en el municipio de La Victoria, Valle del Cauca, dej\u00f3 como v\u00edctima fatal a un menor de 17 a\u00f1os.<\/p>\n\n\n\n<figure class=\"wp-block-embed is-type-video is-provider-youtube wp-block-embed-youtube wp-embed-aspect-16-9 wp-has-aspect-ratio\"><div class=\"wp-block-embed__wrapper\">\n<iframe loading=\"lazy\" title=\"\ud83d\udea8 Dos presuntos responsables fueron capturados tras una persecuci\u00f3n policial.\" width=\"640\" height=\"360\" src=\"https:\/\/www.youtube.com\/embed\/P8Yfy8CQnH4?feature=oembed\" frameborder=\"0\" allow=\"accelerometer; autoplay; clipboard-write; encrypted-media; gyroscope; picture-in-picture; web-share\" referrerpolicy=\"strict-origin-when-cross-origin\" allowfullscreen><\/iframe>\n<\/div><\/figure>\n\n\n\n<p>De acuerdo con la Polic\u00eda, dos sujetos que se movilizaban en motocicleta dispararon contra el adolescente y posteriormente intentaron huir de las autoridades. La reacci\u00f3n inmediata permiti\u00f3 su persecuci\u00f3n y posterior captura. En el registro, se hall\u00f3 un arma de fuego en su poder.<\/p>\n\n\n\n<p>Los capturados fueron identificados como un joven de 18 a\u00f1os y un menor de 17. El primero recibi\u00f3 medida intramural, mientras que el adolescente fue entregado a sus padres.<\/p>\n\n\n\n<p>Tras el hecho, las autoridades realizaron un consejo extraordinario de seguridad en el que se establecieron medidas como el toque de queda para menores entre las 9:00 p.m. y las 5:00 a.m., controles a motocicletas y patrullajes conjuntos con el Ej\u00e9rcito en zonas semirrurales.<\/p>\n\n\n\n<p>La Polic\u00eda hizo un llamado a la ciudadan\u00eda a denunciar y colaborar con las autoridades en las acciones que buscan salvaguardar la seguridad de la poblaci\u00f3n.<\/p>\n","protected":false},"excerpt":{"rendered":"<p>Un ataque sicarial registrado en la noche del s\u00e1bado en el municipio de La Victoria, Valle del Cauca, dej\u00f3 como v\u00edctima fatal a un menor de 17 a\u00f1os. De acuerdo con la Polic\u00eda, dos sujetos que se movilizaban en motocicleta dispararon contra el adolescente y posteriormente intentaron huir de las autoridades. La reacci\u00f3n inmediata permiti\u00f3 [&hellip;]<\/p>\n","protected":false},"author":3,"featured_media":37798,"comment_status":"open","ping_status":"open","sticky":false,"template":"","format":"video","meta":{"footnotes":""},"categories":[10,1515],"tags":[],"class_list":["post-37778","post","type-post","status-publish","format-video","has-post-thumbnail","hentry","category-cnc-noticias-tulua","category-cnc-tulua","post_format-post-format-video"],"_links":{"self":[{"href":"https:\/\/cnctulua.tv\/index.php?rest_route=\/wp\/v2\/posts\/37778","targetHints":{"allow":["GET"]}}],"collection":[{"href":"https:\/\/cnctulua.tv\/index.php?rest_route=\/wp\/v2\/posts"}],"about":[{"href":"https:\/\/cnctulua.tv\/index.php?rest_route=\/wp\/v2\/types\/post"}],"author":[{"embeddable":true,"href":"https:\/\/cnctulua.tv\/index.php?rest_route=\/wp\/v2\/users\/3"}],"replies":[{"embeddable":true,"href":"https:\/\/cnctulua.tv\/index.php?rest_route=%2Fwp%2Fv2%2Fcomments&post=37778"}],"version-history":[{"count":1,"href":"https:\/\/cnctulua.tv\/index.php?rest_route=\/wp\/v2\/posts\/37778\/revisions"}],"predecessor-version":[{"id":37812,"href":"https:\/\/cnctulua.tv\/index.php?rest_route=\/wp\/v2\/posts\/37778\/revisions\/37812"}],"wp:featuredmedia":[{"embeddable":true,"href":"https:\/\/cnctulua.tv\/index.php?rest_route=\/wp\/v2\/media\/37798"}],"wp:attachment":[{"href":"https:\/\/cnctulua.tv\/index.php?rest_route=%2Fwp%2Fv2%2Fmedia&parent=37778"}],"wp:term":[{"taxonomy":"category","embeddable":true,"href":"https:\/\/cnctulua.tv\/index.php?rest_route=%2Fwp%2Fv2%2Fcategories&post=37778"},{"taxonomy":"post_tag","embeddable":true,"href":"https:\/\/cnctulua.tv\/index.php?rest_route=%2Fwp%2Fv2%2Ftags&post=37778"}],"curies":[{"name":"wp","href":"https:\/\/api.w.org\/{rel}","templated":true}]}}