{"id":37781,"date":"2025-09-30T18:39:22","date_gmt":"2025-09-30T18:39:22","guid":{"rendered":"https:\/\/cnctulua.tv\/?p=37781"},"modified":"2025-09-30T18:39:22","modified_gmt":"2025-09-30T18:39:22","slug":"valle-del-cauca-impulsa-la-bioeconomia-el-turismo-y-la-agricultura-regenerativa-en-la-semana-de-la-biodiversidad","status":"publish","type":"post","link":"https:\/\/cnctulua.tv\/?p=37781","title":{"rendered":"Valle del Cauca impulsa la bioeconom\u00eda, el turismo y la agricultura regenerativa en la Semana de la Biodiversidad."},"content":{"rendered":"\n<p>En el marco de la Semana de la Biodiversidad, la Gobernaci\u00f3n del Valle del Cauca lider\u00f3 el panel \u201cBioeconom\u00eda, Turismo y Agricultura Regenerativa\u201d, un espacio de di\u00e1logo que reuni\u00f3 a autoridades ambientales, agr\u00edcolas, tur\u00edsticas y acad\u00e9micas para consolidar un modelo de desarrollo sostenible en el departamento.<\/p>\n\n\n\n<figure class=\"wp-block-embed is-type-video is-provider-youtube wp-block-embed-youtube wp-embed-aspect-16-9 wp-has-aspect-ratio\"><div class=\"wp-block-embed__wrapper\">\n<iframe loading=\"lazy\" title=\"Valle del Cauca le apuesta a la bioeconom\u00eda, el turismo y la agricultura regenerativa. \ud83c\udf31\" width=\"640\" height=\"360\" src=\"https:\/\/www.youtube.com\/embed\/JVsi2FOqwWA?feature=oembed\" frameborder=\"0\" allow=\"accelerometer; autoplay; clipboard-write; encrypted-media; gyroscope; picture-in-picture; web-share\" referrerpolicy=\"strict-origin-when-cross-origin\" allowfullscreen><\/iframe>\n<\/div><\/figure>\n\n\n\n<p>La gobernadora Dilian Francisca Toro reafirm\u00f3 el compromiso de su administraci\u00f3n con la protecci\u00f3n de la biodiversidad y el impulso de pr\u00e1cticas productivas responsables. \u201cLo que nosotros estamos buscando es conservar nuestra biodiversidad, pero al mismo tiempo generar bienestar e ingresos para nuestras comunidades. Con programas como el Plan Frut\u00edcola y Valle Agro hemos capacitado a campesinos y logrado que el 80% de los alimentos se produzcan de manera limpia, reduciendo m\u00e1s de 39.000 toneladas de CO\u2082\u201d, afirm\u00f3.<\/p>\n\n\n\n<p>Adem\u00e1s, la mandataria anunci\u00f3 que se pondr\u00e1n en marcha acciones de agricultura regenerativa en los p\u00e1ramos de Las Hermosas y Barrag\u00e1n, donde m\u00e1s de 2.600 campesinos podr\u00e1n producir sus propios insumos, fortalecer la econom\u00eda circular y conservar los suelos.<\/p>\n\n\n\n<p>En la misma l\u00ednea, la directora del Ciat, Maya Rajasekharan, subray\u00f3 que el Valle cuenta con una riqueza en biodiversidad \u00fanica en el pa\u00eds. \u201cLa agricultura regenerativa es una herramienta fundamental para enfrentar el cambio clim\u00e1tico y la p\u00e9rdida de biodiversidad. Desde el Ciat trabajamos junto con la Gobernaci\u00f3n y actores locales para levantar proyectos conjuntos\u201d, expres\u00f3.<\/p>\n\n\n\n<p>El encuentro tambi\u00e9n permiti\u00f3 visibilizar experiencias de \u00e9xito en bioeconom\u00eda, ecoturismo comunitario y producci\u00f3n agroecol\u00f3gica, consolidando al Valle del Cauca como un referente nacional en sostenibilidad y desarrollo verde.<\/p>\n","protected":false},"excerpt":{"rendered":"<p>En el marco de la Semana de la Biodiversidad, la Gobernaci\u00f3n del Valle del Cauca lider\u00f3 el panel \u201cBioeconom\u00eda, Turismo y Agricultura Regenerativa\u201d, un espacio de di\u00e1logo que reuni\u00f3 a autoridades ambientales, agr\u00edcolas, tur\u00edsticas y acad\u00e9micas para consolidar un modelo de desarrollo sostenible en el departamento. La gobernadora Dilian Francisca Toro reafirm\u00f3 el compromiso de [&hellip;]<\/p>\n","protected":false},"author":3,"featured_media":37821,"comment_status":"open","ping_status":"open","sticky":false,"template":"","format":"video","meta":{"footnotes":""},"categories":[10,1515],"tags":[],"class_list":["post-37781","post","type-post","status-publish","format-video","has-post-thumbnail","hentry","category-cnc-noticias-tulua","category-cnc-tulua","post_format-post-format-video"],"_links":{"self":[{"href":"https:\/\/cnctulua.tv\/index.php?rest_route=\/wp\/v2\/posts\/37781","targetHints":{"allow":["GET"]}}],"collection":[{"href":"https:\/\/cnctulua.tv\/index.php?rest_route=\/wp\/v2\/posts"}],"about":[{"href":"https:\/\/cnctulua.tv\/index.php?rest_route=\/wp\/v2\/types\/post"}],"author":[{"embeddable":true,"href":"https:\/\/cnctulua.tv\/index.php?rest_route=\/wp\/v2\/users\/3"}],"replies":[{"embeddable":true,"href":"https:\/\/cnctulua.tv\/index.php?rest_route=%2Fwp%2Fv2%2Fcomments&post=37781"}],"version-history":[{"count":1,"href":"https:\/\/cnctulua.tv\/index.php?rest_route=\/wp\/v2\/posts\/37781\/revisions"}],"predecessor-version":[{"id":37822,"href":"https:\/\/cnctulua.tv\/index.php?rest_route=\/wp\/v2\/posts\/37781\/revisions\/37822"}],"wp:featuredmedia":[{"embeddable":true,"href":"https:\/\/cnctulua.tv\/index.php?rest_route=\/wp\/v2\/media\/37821"}],"wp:attachment":[{"href":"https:\/\/cnctulua.tv\/index.php?rest_route=%2Fwp%2Fv2%2Fmedia&parent=37781"}],"wp:term":[{"taxonomy":"category","embeddable":true,"href":"https:\/\/cnctulua.tv\/index.php?rest_route=%2Fwp%2Fv2%2Fcategories&post=37781"},{"taxonomy":"post_tag","embeddable":true,"href":"https:\/\/cnctulua.tv\/index.php?rest_route=%2Fwp%2Fv2%2Ftags&post=37781"}],"curies":[{"name":"wp","href":"https:\/\/api.w.org\/{rel}","templated":true}]}}