{"id":37794,"date":"2025-09-30T16:38:15","date_gmt":"2025-09-30T16:38:15","guid":{"rendered":"https:\/\/cnctulua.tv\/?p=37794"},"modified":"2025-09-30T16:38:15","modified_gmt":"2025-09-30T16:38:15","slug":"la-banda-departamental-del-valle-inicia-gira-nacional-en-bogota-y-paipa","status":"publish","type":"post","link":"https:\/\/cnctulua.tv\/?p=37794","title":{"rendered":"La Banda Departamental del Valle inicia gira nacional en Bogot\u00e1 y Paipa."},"content":{"rendered":"\n<p>Del 2 al 5 de octubre, la Banda Departamental del Valle del Cauca ofrecer\u00e1 tres conciertos en Bogot\u00e1 y Paipa, consolid\u00e1ndose como una de las instituciones culturales m\u00e1s emblem\u00e1ticas del departamento.<\/p>\n\n\n\n<figure class=\"wp-block-embed is-type-video is-provider-youtube wp-block-embed-youtube wp-embed-aspect-16-9 wp-has-aspect-ratio\"><div class=\"wp-block-embed__wrapper\">\n<iframe loading=\"lazy\" title=\"\ud83c\udfb6\u2728 Banda Departamental del Valle en gira nacional.\" width=\"640\" height=\"360\" src=\"https:\/\/www.youtube.com\/embed\/AsmEnPYycLs?feature=oembed\" frameborder=\"0\" allow=\"accelerometer; autoplay; clipboard-write; encrypted-media; gyroscope; picture-in-picture; web-share\" referrerpolicy=\"strict-origin-when-cross-origin\" allowfullscreen><\/iframe>\n<\/div><\/figure>\n\n\n\n<p>La gira comenzar\u00e1 el 2 de octubre en el Auditorio Fabio Lozano de la Universidad Jorge Tadeo Lozano, junto a la Banda Filarm\u00f3nica Juvenil de la Orquesta Filarm\u00f3nica de Bogot\u00e1. El 4 de octubre, la agrupaci\u00f3n participar\u00e1 en el Concurso Nacional de Bandas en Paipa, y cerrar\u00e1 el 5 de octubre en el Teatro Colsubsidio de Bogot\u00e1, con un espect\u00e1culo que reunir\u00e1 a artistas de gran trayectoria como el grupo Espinto, el Grupo Bandola y Leonela y Esteban Copete.<\/p>\n\n\n\n<p>Las entradas para los conciertos de Bogot\u00e1 pueden adquirirse en Tu Boleta. La presentaci\u00f3n en Paipa tendr\u00e1 entrada gratuita.<\/p>\n","protected":false},"excerpt":{"rendered":"<p>Del 2 al 5 de octubre, la Banda Departamental del Valle del Cauca ofrecer\u00e1 tres conciertos en Bogot\u00e1 y Paipa, consolid\u00e1ndose como una de las instituciones culturales m\u00e1s emblem\u00e1ticas del departamento. La gira comenzar\u00e1 el 2 de octubre en el Auditorio Fabio Lozano de la Universidad Jorge Tadeo Lozano, junto a la Banda Filarm\u00f3nica Juvenil [&hellip;]<\/p>\n","protected":false},"author":3,"featured_media":37806,"comment_status":"open","ping_status":"open","sticky":false,"template":"","format":"video","meta":{"footnotes":""},"categories":[10,1515],"tags":[],"class_list":["post-37794","post","type-post","status-publish","format-video","has-post-thumbnail","hentry","category-cnc-noticias-tulua","category-cnc-tulua","post_format-post-format-video"],"_links":{"self":[{"href":"https:\/\/cnctulua.tv\/index.php?rest_route=\/wp\/v2\/posts\/37794","targetHints":{"allow":["GET"]}}],"collection":[{"href":"https:\/\/cnctulua.tv\/index.php?rest_route=\/wp\/v2\/posts"}],"about":[{"href":"https:\/\/cnctulua.tv\/index.php?rest_route=\/wp\/v2\/types\/post"}],"author":[{"embeddable":true,"href":"https:\/\/cnctulua.tv\/index.php?rest_route=\/wp\/v2\/users\/3"}],"replies":[{"embeddable":true,"href":"https:\/\/cnctulua.tv\/index.php?rest_route=%2Fwp%2Fv2%2Fcomments&post=37794"}],"version-history":[{"count":1,"href":"https:\/\/cnctulua.tv\/index.php?rest_route=\/wp\/v2\/posts\/37794\/revisions"}],"predecessor-version":[{"id":37811,"href":"https:\/\/cnctulua.tv\/index.php?rest_route=\/wp\/v2\/posts\/37794\/revisions\/37811"}],"wp:featuredmedia":[{"embeddable":true,"href":"https:\/\/cnctulua.tv\/index.php?rest_route=\/wp\/v2\/media\/37806"}],"wp:attachment":[{"href":"https:\/\/cnctulua.tv\/index.php?rest_route=%2Fwp%2Fv2%2Fmedia&parent=37794"}],"wp:term":[{"taxonomy":"category","embeddable":true,"href":"https:\/\/cnctulua.tv\/index.php?rest_route=%2Fwp%2Fv2%2Fcategories&post=37794"},{"taxonomy":"post_tag","embeddable":true,"href":"https:\/\/cnctulua.tv\/index.php?rest_route=%2Fwp%2Fv2%2Ftags&post=37794"}],"curies":[{"name":"wp","href":"https:\/\/api.w.org\/{rel}","templated":true}]}}