{"id":37796,"date":"2025-09-30T19:01:39","date_gmt":"2025-09-30T19:01:39","guid":{"rendered":"https:\/\/cnctulua.tv\/?p=37796"},"modified":"2025-09-30T19:01:39","modified_gmt":"2025-09-30T19:01:39","slug":"presunto-integrante-del-clan-del-golfo-asegurado-en-buenaventura","status":"publish","type":"post","link":"https:\/\/cnctulua.tv\/?p=37796","title":{"rendered":"Presunto integrante del clan del golfo asegurado en Buenaventura."},"content":{"rendered":"\n<p>La Fiscal\u00eda General de la Naci\u00f3n judicializ\u00f3 a un presunto integrante del Clan del Golfo, acusado de participar en actividades delictivas en el Bajo Calima, zona rural de Buenaventura.<\/p>\n\n\n\n<figure class=\"wp-block-embed is-type-video is-provider-youtube wp-block-embed-youtube wp-embed-aspect-16-9 wp-has-aspect-ratio\"><div class=\"wp-block-embed__wrapper\">\n<iframe loading=\"lazy\" title=\"\ud83d\udd34 Capturan a presunto integrante del Clan del Golfo en Buenaventura.\" width=\"640\" height=\"360\" src=\"https:\/\/www.youtube.com\/embed\/5TSQKtChgpc?feature=oembed\" frameborder=\"0\" allow=\"accelerometer; autoplay; clipboard-write; encrypted-media; gyroscope; picture-in-picture; web-share\" referrerpolicy=\"strict-origin-when-cross-origin\" allowfullscreen><\/iframe>\n<\/div><\/figure>\n\n\n\n<p>El hombre fue capturado en el sector de Galer\u00edas en un operativo de la Polic\u00eda Nacional y el Grupo de Operaciones Especiales (Goes), en cumplimiento de una orden judicial.<\/p>\n\n\n\n<p>De acuerdo con la investigaci\u00f3n, desde 2023 habr\u00eda cumplido \u00f3rdenes de cabecillas de la organizaci\u00f3n relacionadas con homicidios selectivos, desplazamiento forzado, desaparici\u00f3n forzada, explotaci\u00f3n minera ilegal y porte de armas de fuego.<\/p>\n\n\n\n<p>Las autoridades indicaron que tambi\u00e9n estar\u00eda encargado de recolectar dineros producto de extorsiones y secuestros, adem\u00e1s de apoyar la movilizaci\u00f3n de insumos qu\u00edmicos para laboratorios de estupefacientes y el transporte de armas y municiones en esta regi\u00f3n del Pac\u00edfico.<\/p>\n\n\n\n<p>Fue imputado por el delito de concierto para delinquir, el cual no acept\u00f3, y deber\u00e1 cumplir medida de aseguramiento en establecimiento carcelario.<\/p>\n","protected":false},"excerpt":{"rendered":"<p>La Fiscal\u00eda General de la Naci\u00f3n judicializ\u00f3 a un presunto integrante del Clan del Golfo, acusado de participar en actividades delictivas en el Bajo Calima, zona rural de Buenaventura. El hombre fue capturado en el sector de Galer\u00edas en un operativo de la Polic\u00eda Nacional y el Grupo de Operaciones Especiales (Goes), en cumplimiento de [&hellip;]<\/p>\n","protected":false},"author":3,"featured_media":37826,"comment_status":"open","ping_status":"open","sticky":false,"template":"","format":"video","meta":{"footnotes":""},"categories":[10],"tags":[],"class_list":["post-37796","post","type-post","status-publish","format-video","has-post-thumbnail","hentry","category-cnc-noticias-tulua","post_format-post-format-video"],"_links":{"self":[{"href":"https:\/\/cnctulua.tv\/index.php?rest_route=\/wp\/v2\/posts\/37796","targetHints":{"allow":["GET"]}}],"collection":[{"href":"https:\/\/cnctulua.tv\/index.php?rest_route=\/wp\/v2\/posts"}],"about":[{"href":"https:\/\/cnctulua.tv\/index.php?rest_route=\/wp\/v2\/types\/post"}],"author":[{"embeddable":true,"href":"https:\/\/cnctulua.tv\/index.php?rest_route=\/wp\/v2\/users\/3"}],"replies":[{"embeddable":true,"href":"https:\/\/cnctulua.tv\/index.php?rest_route=%2Fwp%2Fv2%2Fcomments&post=37796"}],"version-history":[{"count":1,"href":"https:\/\/cnctulua.tv\/index.php?rest_route=\/wp\/v2\/posts\/37796\/revisions"}],"predecessor-version":[{"id":37828,"href":"https:\/\/cnctulua.tv\/index.php?rest_route=\/wp\/v2\/posts\/37796\/revisions\/37828"}],"wp:featuredmedia":[{"embeddable":true,"href":"https:\/\/cnctulua.tv\/index.php?rest_route=\/wp\/v2\/media\/37826"}],"wp:attachment":[{"href":"https:\/\/cnctulua.tv\/index.php?rest_route=%2Fwp%2Fv2%2Fmedia&parent=37796"}],"wp:term":[{"taxonomy":"category","embeddable":true,"href":"https:\/\/cnctulua.tv\/index.php?rest_route=%2Fwp%2Fv2%2Fcategories&post=37796"},{"taxonomy":"post_tag","embeddable":true,"href":"https:\/\/cnctulua.tv\/index.php?rest_route=%2Fwp%2Fv2%2Ftags&post=37796"}],"curies":[{"name":"wp","href":"https:\/\/api.w.org\/{rel}","templated":true}]}}