{"id":37833,"date":"2025-10-01T17:39:10","date_gmt":"2025-10-01T17:39:10","guid":{"rendered":"https:\/\/cnctulua.tv\/?p=37833"},"modified":"2025-10-01T17:39:10","modified_gmt":"2025-10-01T17:39:10","slug":"usuarios-de-la-nueva-eps-en-tulua-denuncian-largas-filas-en-punto-de-audifarma","status":"publish","type":"post","link":"https:\/\/cnctulua.tv\/?p=37833","title":{"rendered":"Usuarios de la Nueva EPS en Tulu\u00e1 denuncian largas filas en punto de Audifarma."},"content":{"rendered":"\n<p>En Tulu\u00e1, persisten las quejas de los usuarios de la Nueva EPS por las demoras en la entrega de medicamentos en un punto de Audifarma. Los pacientes aseguran que las esperas pueden extenderse entre dos y seis horas, incluso para quienes tienen atenci\u00f3n preferencial.<\/p>\n\n\n\n<figure class=\"wp-block-embed is-type-video is-provider-youtube wp-block-embed-youtube wp-embed-aspect-16-9 wp-has-aspect-ratio\"><div class=\"wp-block-embed__wrapper\">\n<iframe loading=\"lazy\" title=\"*\ud83d\udc8a Usuarios denuncian demoras en entrega de medicamentos en Tulu\u00e1.*\" width=\"640\" height=\"360\" src=\"https:\/\/www.youtube.com\/embed\/r1BlvpRxFhY?feature=oembed\" frameborder=\"0\" allow=\"accelerometer; autoplay; clipboard-write; encrypted-media; gyroscope; picture-in-picture; web-share\" referrerpolicy=\"strict-origin-when-cross-origin\" allowfullscreen><\/iframe>\n<\/div><\/figure>\n\n\n\n<p>Leandro Fabio Franco, en condici\u00f3n de discapacidad, relat\u00f3 que permanece de pie durante horas para reclamar sus f\u00f3rmulas. Por su parte, Roseleida Perea, otra usuaria, asegur\u00f3 que la problem\u00e1tica se presenta desde hace cerca de nueve meses y que la situaci\u00f3n se ha vuelto insostenible para adultos mayores y personas con enfermedades cr\u00f3nicas.<\/p>\n\n\n\n<p>Perea tambi\u00e9n expres\u00f3 preocupaci\u00f3n por la inseguridad en las filas y solicit\u00f3 la apertura de m\u00e1s puntos de atenci\u00f3n para descongestionar el servicio.<\/p>\n\n\n\n<p>Los usuarios coinciden en que las responsabilidades se trasladan entre el gobierno nacional, las entidades territoriales y las EPS, lo que mantiene la incertidumbre frente a una soluci\u00f3n definitiva.<\/p>\n","protected":false},"excerpt":{"rendered":"<p>En Tulu\u00e1, persisten las quejas de los usuarios de la Nueva EPS por las demoras en la entrega de medicamentos en un punto de Audifarma. Los pacientes aseguran que las esperas pueden extenderse entre dos y seis horas, incluso para quienes tienen atenci\u00f3n preferencial. Leandro Fabio Franco, en condici\u00f3n de discapacidad, relat\u00f3 que permanece de [&hellip;]<\/p>\n","protected":false},"author":3,"featured_media":37854,"comment_status":"open","ping_status":"open","sticky":false,"template":"","format":"video","meta":{"footnotes":""},"categories":[10,1515],"tags":[],"class_list":["post-37833","post","type-post","status-publish","format-video","has-post-thumbnail","hentry","category-cnc-noticias-tulua","category-cnc-tulua","post_format-post-format-video"],"_links":{"self":[{"href":"https:\/\/cnctulua.tv\/index.php?rest_route=\/wp\/v2\/posts\/37833","targetHints":{"allow":["GET"]}}],"collection":[{"href":"https:\/\/cnctulua.tv\/index.php?rest_route=\/wp\/v2\/posts"}],"about":[{"href":"https:\/\/cnctulua.tv\/index.php?rest_route=\/wp\/v2\/types\/post"}],"author":[{"embeddable":true,"href":"https:\/\/cnctulua.tv\/index.php?rest_route=\/wp\/v2\/users\/3"}],"replies":[{"embeddable":true,"href":"https:\/\/cnctulua.tv\/index.php?rest_route=%2Fwp%2Fv2%2Fcomments&post=37833"}],"version-history":[{"count":1,"href":"https:\/\/cnctulua.tv\/index.php?rest_route=\/wp\/v2\/posts\/37833\/revisions"}],"predecessor-version":[{"id":37871,"href":"https:\/\/cnctulua.tv\/index.php?rest_route=\/wp\/v2\/posts\/37833\/revisions\/37871"}],"wp:featuredmedia":[{"embeddable":true,"href":"https:\/\/cnctulua.tv\/index.php?rest_route=\/wp\/v2\/media\/37854"}],"wp:attachment":[{"href":"https:\/\/cnctulua.tv\/index.php?rest_route=%2Fwp%2Fv2%2Fmedia&parent=37833"}],"wp:term":[{"taxonomy":"category","embeddable":true,"href":"https:\/\/cnctulua.tv\/index.php?rest_route=%2Fwp%2Fv2%2Fcategories&post=37833"},{"taxonomy":"post_tag","embeddable":true,"href":"https:\/\/cnctulua.tv\/index.php?rest_route=%2Fwp%2Fv2%2Ftags&post=37833"}],"curies":[{"name":"wp","href":"https:\/\/api.w.org\/{rel}","templated":true}]}}