{"id":37847,"date":"2025-10-01T18:53:00","date_gmt":"2025-10-01T18:53:00","guid":{"rendered":"https:\/\/cnctulua.tv\/?p=37847"},"modified":"2025-10-01T18:53:00","modified_gmt":"2025-10-01T18:53:00","slug":"palmira-vivio-una-jornada-ambiental-y-deportiva-con-resultados-positivos","status":"publish","type":"post","link":"https:\/\/cnctulua.tv\/?p=37847","title":{"rendered":"Palmira vivi\u00f3 una jornada ambiental y deportiva con resultados positivos"},"content":{"rendered":"\n<p>La ciudad de Palmira celebr\u00f3 este 28 de septiembre la Media Marat\u00f3n Internacional y la jornada del D\u00eda sin Carro y sin Moto, dos actividades que dejaron un balance favorable en movilidad, ambiente y seguridad.<\/p>\n\n\n\n<figure class=\"wp-block-embed is-type-video is-provider-youtube wp-block-embed-youtube wp-embed-aspect-16-9 wp-has-aspect-ratio\"><div class=\"wp-block-embed__wrapper\">\n<iframe loading=\"lazy\" title=\"\ud83c\udfc3\u200d\u2642\ufe0f\ud83d\udeb4 Palmira celebr\u00f3 la Media Marat\u00f3n Internacional y el D\u00eda sin Carro con resultados hist\u00f3ricos \ud83c\udf3f\ud83d\udea6\" width=\"640\" height=\"360\" src=\"https:\/\/www.youtube.com\/embed\/ZpZ9eDYAj3Q?feature=oembed\" frameborder=\"0\" allow=\"accelerometer; autoplay; clipboard-write; encrypted-media; gyroscope; picture-in-picture; web-share\" referrerpolicy=\"strict-origin-when-cross-origin\" allowfullscreen><\/iframe>\n<\/div><\/figure>\n\n\n\n<p>Seg\u00fan el monitoreo realizado por la Direcci\u00f3n de Gesti\u00f3n Ambiental, las emisiones de material particulado (PM10) disminuyeron en un 93 %, pasando de 11,32 a 0,79 microgramos por metro c\u00fabico. Este resultado se considera hist\u00f3rico en materia de calidad del aire en la ciudad.<\/p>\n\n\n\n<p>Durante la jornada, agentes de tr\u00e1nsito impusieron 19 comparendos y realizaron dos inmovilizaciones, sin embargo, no se registraron siniestros viales, lo que resalta el impacto positivo de la medida en la seguridad de las v\u00edas.<\/p>\n\n\n\n<p>Las autoridades locales aseguraron que estas estrategias seguir\u00e1n impuls\u00e1ndose como parte de una agenda que promueve el deporte, la salud p\u00fablica y la sostenibilidad urbana.<\/p>\n","protected":false},"excerpt":{"rendered":"<p>La ciudad de Palmira celebr\u00f3 este 28 de septiembre la Media Marat\u00f3n Internacional y la jornada del D\u00eda sin Carro y sin Moto, dos actividades que dejaron un balance favorable en movilidad, ambiente y seguridad. Seg\u00fan el monitoreo realizado por la Direcci\u00f3n de Gesti\u00f3n Ambiental, las emisiones de material particulado (PM10) disminuyeron en un 93 [&hellip;]<\/p>\n","protected":false},"author":3,"featured_media":37883,"comment_status":"open","ping_status":"open","sticky":false,"template":"","format":"video","meta":{"footnotes":""},"categories":[10,1515],"tags":[],"class_list":["post-37847","post","type-post","status-publish","format-video","has-post-thumbnail","hentry","category-cnc-noticias-tulua","category-cnc-tulua","post_format-post-format-video"],"_links":{"self":[{"href":"https:\/\/cnctulua.tv\/index.php?rest_route=\/wp\/v2\/posts\/37847","targetHints":{"allow":["GET"]}}],"collection":[{"href":"https:\/\/cnctulua.tv\/index.php?rest_route=\/wp\/v2\/posts"}],"about":[{"href":"https:\/\/cnctulua.tv\/index.php?rest_route=\/wp\/v2\/types\/post"}],"author":[{"embeddable":true,"href":"https:\/\/cnctulua.tv\/index.php?rest_route=\/wp\/v2\/users\/3"}],"replies":[{"embeddable":true,"href":"https:\/\/cnctulua.tv\/index.php?rest_route=%2Fwp%2Fv2%2Fcomments&post=37847"}],"version-history":[{"count":1,"href":"https:\/\/cnctulua.tv\/index.php?rest_route=\/wp\/v2\/posts\/37847\/revisions"}],"predecessor-version":[{"id":37885,"href":"https:\/\/cnctulua.tv\/index.php?rest_route=\/wp\/v2\/posts\/37847\/revisions\/37885"}],"wp:featuredmedia":[{"embeddable":true,"href":"https:\/\/cnctulua.tv\/index.php?rest_route=\/wp\/v2\/media\/37883"}],"wp:attachment":[{"href":"https:\/\/cnctulua.tv\/index.php?rest_route=%2Fwp%2Fv2%2Fmedia&parent=37847"}],"wp:term":[{"taxonomy":"category","embeddable":true,"href":"https:\/\/cnctulua.tv\/index.php?rest_route=%2Fwp%2Fv2%2Fcategories&post=37847"},{"taxonomy":"post_tag","embeddable":true,"href":"https:\/\/cnctulua.tv\/index.php?rest_route=%2Fwp%2Fv2%2Ftags&post=37847"}],"curies":[{"name":"wp","href":"https:\/\/api.w.org\/{rel}","templated":true}]}}