{"id":37900,"date":"2025-10-02T17:32:27","date_gmt":"2025-10-02T17:32:27","guid":{"rendered":"https:\/\/cnctulua.tv\/?p=37900"},"modified":"2025-10-02T17:32:27","modified_gmt":"2025-10-02T17:32:27","slug":"valle-del-cauca-ingresa-a-coalicion-internacional-contra-economias-ilegales","status":"publish","type":"post","link":"https:\/\/cnctulua.tv\/?p=37900","title":{"rendered":"Valle del Cauca ingresa a Coalici\u00f3n Internacional contra Econom\u00edas Ilegales."},"content":{"rendered":"\n<p>La Gobernaci\u00f3n del Valle del Cauca fue incluida en la Coalici\u00f3n de Ciudades y Regiones Contra las Econom\u00edas Ilegales, una alianza global que busca articular esfuerzos para enfrentar problem\u00e1ticas como la miner\u00eda ilegal, los cultivos il\u00edcitos y otras econom\u00edas que impactan directamente la biodiversidad.<\/p>\n\n\n\n<figure class=\"wp-block-embed is-type-video is-provider-youtube wp-block-embed-youtube wp-embed-aspect-16-9 wp-has-aspect-ratio\"><div class=\"wp-block-embed__wrapper\">\n<iframe loading=\"lazy\" title=\"\ud83e\udd1d Coalici\u00f3n internacional suma al Valle en lucha contra miner\u00eda ilegal.\" width=\"640\" height=\"360\" src=\"https:\/\/www.youtube.com\/embed\/gM-QgIdekIQ?feature=oembed\" frameborder=\"0\" allow=\"accelerometer; autoplay; clipboard-write; encrypted-media; gyroscope; picture-in-picture; web-share\" referrerpolicy=\"strict-origin-when-cross-origin\" allowfullscreen><\/iframe>\n<\/div><\/figure>\n\n\n\n<p>El anuncio se hizo durante la Semana de la Biodiversidad, en un encuentro que reuni\u00f3 a mandatarios locales e internacionales. En este espacio, se discutieron los efectos de estas econom\u00edas y la necesidad de coordinar acciones conjuntas.<\/p>\n\n\n\n<p>La gobernadora del Valle del Cauca se\u00f1al\u00f3 que el prop\u00f3sito es establecer medidas regionales frente a delitos ambientales, mientras que el alcalde de Cali, Alejandro \u00c9der, destac\u00f3 la importancia de que la regi\u00f3n haya sido invitada a presidir esta alianza.<\/p>\n\n\n\n<p>Delegados de Brasil y Costa Rica coincidieron en que se requieren soluciones conjuntas para problemas de car\u00e1cter transnacional y en promover econom\u00edas sostenibles que ofrezcan alternativas a las comunidades afectadas.<\/p>\n\n\n\n<p>Con este paso, el Valle se convierte en la segunda regi\u00f3n del mundo en integrarse a esta coalici\u00f3n, junto con Kinshasa, en la Rep\u00fablica Democr\u00e1tica del Congo. El pr\u00f3ximo encuentro est\u00e1 previsto en Belem, Brasil, durante la COP30.<\/p>\n","protected":false},"excerpt":{"rendered":"<p>La Gobernaci\u00f3n del Valle del Cauca fue incluida en la Coalici\u00f3n de Ciudades y Regiones Contra las Econom\u00edas Ilegales, una alianza global que busca articular esfuerzos para enfrentar problem\u00e1ticas como la miner\u00eda ilegal, los cultivos il\u00edcitos y otras econom\u00edas que impactan directamente la biodiversidad. El anuncio se hizo durante la Semana de la Biodiversidad, en [&hellip;]<\/p>\n","protected":false},"author":3,"featured_media":37913,"comment_status":"open","ping_status":"open","sticky":false,"template":"","format":"video","meta":{"footnotes":""},"categories":[10,1515],"tags":[],"class_list":["post-37900","post","type-post","status-publish","format-video","has-post-thumbnail","hentry","category-cnc-noticias-tulua","category-cnc-tulua","post_format-post-format-video"],"_links":{"self":[{"href":"https:\/\/cnctulua.tv\/index.php?rest_route=\/wp\/v2\/posts\/37900","targetHints":{"allow":["GET"]}}],"collection":[{"href":"https:\/\/cnctulua.tv\/index.php?rest_route=\/wp\/v2\/posts"}],"about":[{"href":"https:\/\/cnctulua.tv\/index.php?rest_route=\/wp\/v2\/types\/post"}],"author":[{"embeddable":true,"href":"https:\/\/cnctulua.tv\/index.php?rest_route=\/wp\/v2\/users\/3"}],"replies":[{"embeddable":true,"href":"https:\/\/cnctulua.tv\/index.php?rest_route=%2Fwp%2Fv2%2Fcomments&post=37900"}],"version-history":[{"count":2,"href":"https:\/\/cnctulua.tv\/index.php?rest_route=\/wp\/v2\/posts\/37900\/revisions"}],"predecessor-version":[{"id":37921,"href":"https:\/\/cnctulua.tv\/index.php?rest_route=\/wp\/v2\/posts\/37900\/revisions\/37921"}],"wp:featuredmedia":[{"embeddable":true,"href":"https:\/\/cnctulua.tv\/index.php?rest_route=\/wp\/v2\/media\/37913"}],"wp:attachment":[{"href":"https:\/\/cnctulua.tv\/index.php?rest_route=%2Fwp%2Fv2%2Fmedia&parent=37900"}],"wp:term":[{"taxonomy":"category","embeddable":true,"href":"https:\/\/cnctulua.tv\/index.php?rest_route=%2Fwp%2Fv2%2Fcategories&post=37900"},{"taxonomy":"post_tag","embeddable":true,"href":"https:\/\/cnctulua.tv\/index.php?rest_route=%2Fwp%2Fv2%2Ftags&post=37900"}],"curies":[{"name":"wp","href":"https:\/\/api.w.org\/{rel}","templated":true}]}}