{"id":37901,"date":"2025-10-02T17:48:19","date_gmt":"2025-10-02T17:48:19","guid":{"rendered":"https:\/\/cnctulua.tv\/?p=37901"},"modified":"2025-10-02T17:48:19","modified_gmt":"2025-10-02T17:48:19","slug":"el-ajedrez-tulueno-asegura-cupo-en-la-final-nacional-con-la-clasificacion-de-liz-estefania-lopez-sosa","status":"publish","type":"post","link":"https:\/\/cnctulua.tv\/?p=37901","title":{"rendered":"El ajedrez tulue\u00f1o asegura cupo en la final nacional con la clasificaci\u00f3n de Liz Estefan\u00eda L\u00f3pez Sosa."},"content":{"rendered":"\n<p>El ajedrez tulue\u00f1o tiene asegurada su representaci\u00f3n en la final nacional de los Juegos Departamentales, luego de la clasificaci\u00f3n de Liz Estefan\u00eda L\u00f3pez Sosa, estudiante del Colegio San Pedro Claver, quien competir\u00e1 en Cali durante diciembre.<\/p>\n\n\n\n<figure class=\"wp-block-embed is-type-video is-provider-youtube wp-block-embed-youtube wp-embed-aspect-16-9 wp-has-aspect-ratio\"><div class=\"wp-block-embed__wrapper\">\n<iframe loading=\"lazy\" title=\"\u265f\ufe0f Tulu\u00e1 tendr\u00e1 representaci\u00f3n en la final nacional de ajedrez.\" width=\"640\" height=\"360\" src=\"https:\/\/www.youtube.com\/embed\/Q3tbVCD95IU?feature=oembed\" frameborder=\"0\" allow=\"accelerometer; autoplay; clipboard-write; encrypted-media; gyroscope; picture-in-picture; web-share\" referrerpolicy=\"strict-origin-when-cross-origin\" allowfullscreen><\/iframe>\n<\/div><\/figure>\n\n\n\n<p>La delegaci\u00f3n tulue\u00f1a tuvo una participaci\u00f3n destacada. En la categor\u00eda infantil, Antonia Sof\u00eda Erazo Arias, del Colegio San Francisco, se consagr\u00f3 campeona departamental. En tanto, Juan Diego Villegas se qued\u00f3 con los t\u00edtulos en las modalidades r\u00e1pida y blitz, aunque en la modalidad cl\u00e1sica ocup\u00f3 el cuarto lugar y no consigui\u00f3 el cupo nacional.<\/p>\n\n\n\n<figure class=\"wp-block-image size-large\"><img loading=\"lazy\" decoding=\"async\" width=\"1024\" height=\"456\" src=\"https:\/\/cnctulua.tv\/wp-content\/uploads\/2025\/10\/TULUA-AJE-1-1024x456.png\" alt=\"\" class=\"wp-image-37926\" srcset=\"https:\/\/cnctulua.tv\/wp-content\/uploads\/2025\/10\/TULUA-AJE-1-1024x456.png 1024w, https:\/\/cnctulua.tv\/wp-content\/uploads\/2025\/10\/TULUA-AJE-1-300x134.png 300w, https:\/\/cnctulua.tv\/wp-content\/uploads\/2025\/10\/TULUA-AJE-1-768x342.png 768w, https:\/\/cnctulua.tv\/wp-content\/uploads\/2025\/10\/TULUA-AJE-1.png 1153w\" sizes=\"auto, (max-width: 1024px) 100vw, 1024px\" \/><\/figure>\n\n\n\n<p>El entrenador Robert Gonz\u00e1lez Castillo resalt\u00f3 el proceso que se viene adelantando con apoyo de la Secretar\u00eda de Deportes del municipio, lo que permitir\u00e1 fortalecer la preparaci\u00f3n de los atletas.<\/p>\n\n\n\n<p>L\u00f3pez Sosa, como \u00fanica clasificada, buscar\u00e1 en Cali no solo un t\u00edtulo nacional, sino tambi\u00e9n la posibilidad de obtener cupos al Suramericano y al Panamericano escolar de ajedrez.<\/p>\n","protected":false},"excerpt":{"rendered":"<p>El ajedrez tulue\u00f1o tiene asegurada su representaci\u00f3n en la final nacional de los Juegos Departamentales, luego de la clasificaci\u00f3n de Liz Estefan\u00eda L\u00f3pez Sosa, estudiante del Colegio San Pedro Claver, quien competir\u00e1 en Cali durante diciembre. La delegaci\u00f3n tulue\u00f1a tuvo una participaci\u00f3n destacada. En la categor\u00eda infantil, Antonia Sof\u00eda Erazo Arias, del Colegio San Francisco, [&hellip;]<\/p>\n","protected":false},"author":3,"featured_media":37925,"comment_status":"open","ping_status":"open","sticky":false,"template":"","format":"video","meta":{"footnotes":""},"categories":[10,1515],"tags":[],"class_list":["post-37901","post","type-post","status-publish","format-video","has-post-thumbnail","hentry","category-cnc-noticias-tulua","category-cnc-tulua","post_format-post-format-video"],"_links":{"self":[{"href":"https:\/\/cnctulua.tv\/index.php?rest_route=\/wp\/v2\/posts\/37901","targetHints":{"allow":["GET"]}}],"collection":[{"href":"https:\/\/cnctulua.tv\/index.php?rest_route=\/wp\/v2\/posts"}],"about":[{"href":"https:\/\/cnctulua.tv\/index.php?rest_route=\/wp\/v2\/types\/post"}],"author":[{"embeddable":true,"href":"https:\/\/cnctulua.tv\/index.php?rest_route=\/wp\/v2\/users\/3"}],"replies":[{"embeddable":true,"href":"https:\/\/cnctulua.tv\/index.php?rest_route=%2Fwp%2Fv2%2Fcomments&post=37901"}],"version-history":[{"count":1,"href":"https:\/\/cnctulua.tv\/index.php?rest_route=\/wp\/v2\/posts\/37901\/revisions"}],"predecessor-version":[{"id":37927,"href":"https:\/\/cnctulua.tv\/index.php?rest_route=\/wp\/v2\/posts\/37901\/revisions\/37927"}],"wp:featuredmedia":[{"embeddable":true,"href":"https:\/\/cnctulua.tv\/index.php?rest_route=\/wp\/v2\/media\/37925"}],"wp:attachment":[{"href":"https:\/\/cnctulua.tv\/index.php?rest_route=%2Fwp%2Fv2%2Fmedia&parent=37901"}],"wp:term":[{"taxonomy":"category","embeddable":true,"href":"https:\/\/cnctulua.tv\/index.php?rest_route=%2Fwp%2Fv2%2Fcategories&post=37901"},{"taxonomy":"post_tag","embeddable":true,"href":"https:\/\/cnctulua.tv\/index.php?rest_route=%2Fwp%2Fv2%2Ftags&post=37901"}],"curies":[{"name":"wp","href":"https:\/\/api.w.org\/{rel}","templated":true}]}}