{"id":37947,"date":"2025-10-03T13:26:57","date_gmt":"2025-10-03T13:26:57","guid":{"rendered":"https:\/\/cnctulua.tv\/?p=37947"},"modified":"2025-10-03T13:26:57","modified_gmt":"2025-10-03T13:26:57","slug":"mujeres-lideran-la-conservacion-ambiental-en-la-cumbre-mundial-2","status":"publish","type":"post","link":"https:\/\/cnctulua.tv\/?p=37947","title":{"rendered":"Mujeres lideran la conservaci\u00f3n ambiental en la Cumbre Mundial."},"content":{"rendered":"\n<p>En el marco de la Semana de la Biodiversidad, Cali fue sede de la Cumbre Mundial de las Mujeres Cuidadoras de la Biodiversidad, un espacio que reuni\u00f3 a mujeres l\u00edderes, comunidades ind\u00edgenas y organizaciones ambientales.<\/p>\n\n\n\n<figure class=\"wp-block-embed is-type-video is-provider-youtube wp-block-embed-youtube wp-embed-aspect-16-9 wp-has-aspect-ratio\"><div class=\"wp-block-embed__wrapper\">\n<iframe loading=\"lazy\" title=\"\ud83c\udf3f Mujeres l\u00edderes protegen la biodiversidad en Cali.\" width=\"640\" height=\"360\" src=\"https:\/\/www.youtube.com\/embed\/0CnsEIegtxk?feature=oembed\" frameborder=\"0\" allow=\"accelerometer; autoplay; clipboard-write; encrypted-media; gyroscope; picture-in-picture; web-share\" referrerpolicy=\"strict-origin-when-cross-origin\" allowfullscreen><\/iframe>\n<\/div><\/figure>\n\n\n\n<p>La gobernadora del Valle del Cauca, Dilian Francisca Toro, destac\u00f3 la presentaci\u00f3n del proyecto de Ley de In\u00edrida, que busca financiar los proyectos liderados por mujeres cuidadoras de la naturaleza y garantizar su participaci\u00f3n en la toma de decisiones ambientales.<\/p>\n\n\n\n<p>Expertos y participantes resaltaron que las mujeres, especialmente en territorios rurales e ind\u00edgenas, son guardianas esenciales de los ecosistemas y desempe\u00f1an un rol vital en la conservaci\u00f3n de la biodiversidad.<\/p>\n\n\n\n<p>Paola Londo\u00f1o, directora de Jardines que Curan, asegur\u00f3 que este proyecto pionero mundial ofrece apoyo financiero, formaci\u00f3n y visibilizaci\u00f3n a las mujeres que trabajan en la protecci\u00f3n del medio ambiente, fortaleciendo as\u00ed la justicia ambiental y la equidad de g\u00e9nero.<\/p>\n\n\n\n<p>El evento se consolid\u00f3 como un espacio de intercambio de saberes y construcci\u00f3n de pol\u00edticas p\u00fablicas, y se espera que la cumbre se convierta en un referente permanente a nivel nacional e internacional.<\/p>\n","protected":false},"excerpt":{"rendered":"<p>En el marco de la Semana de la Biodiversidad, Cali fue sede de la Cumbre Mundial de las Mujeres Cuidadoras de la Biodiversidad, un espacio que reuni\u00f3 a mujeres l\u00edderes, comunidades ind\u00edgenas y organizaciones ambientales. La gobernadora del Valle del Cauca, Dilian Francisca Toro, destac\u00f3 la presentaci\u00f3n del proyecto de Ley de In\u00edrida, que busca [&hellip;]<\/p>\n","protected":false},"author":3,"featured_media":37944,"comment_status":"open","ping_status":"open","sticky":false,"template":"","format":"video","meta":{"footnotes":""},"categories":[10,1515],"tags":[],"class_list":["post-37947","post","type-post","status-publish","format-video","has-post-thumbnail","hentry","category-cnc-noticias-tulua","category-cnc-tulua","post_format-post-format-video"],"_links":{"self":[{"href":"https:\/\/cnctulua.tv\/index.php?rest_route=\/wp\/v2\/posts\/37947","targetHints":{"allow":["GET"]}}],"collection":[{"href":"https:\/\/cnctulua.tv\/index.php?rest_route=\/wp\/v2\/posts"}],"about":[{"href":"https:\/\/cnctulua.tv\/index.php?rest_route=\/wp\/v2\/types\/post"}],"author":[{"embeddable":true,"href":"https:\/\/cnctulua.tv\/index.php?rest_route=\/wp\/v2\/users\/3"}],"replies":[{"embeddable":true,"href":"https:\/\/cnctulua.tv\/index.php?rest_route=%2Fwp%2Fv2%2Fcomments&post=37947"}],"version-history":[{"count":1,"href":"https:\/\/cnctulua.tv\/index.php?rest_route=\/wp\/v2\/posts\/37947\/revisions"}],"predecessor-version":[{"id":37949,"href":"https:\/\/cnctulua.tv\/index.php?rest_route=\/wp\/v2\/posts\/37947\/revisions\/37949"}],"wp:featuredmedia":[{"embeddable":true,"href":"https:\/\/cnctulua.tv\/index.php?rest_route=\/wp\/v2\/media\/37944"}],"wp:attachment":[{"href":"https:\/\/cnctulua.tv\/index.php?rest_route=%2Fwp%2Fv2%2Fmedia&parent=37947"}],"wp:term":[{"taxonomy":"category","embeddable":true,"href":"https:\/\/cnctulua.tv\/index.php?rest_route=%2Fwp%2Fv2%2Fcategories&post=37947"},{"taxonomy":"post_tag","embeddable":true,"href":"https:\/\/cnctulua.tv\/index.php?rest_route=%2Fwp%2Fv2%2Ftags&post=37947"}],"curies":[{"name":"wp","href":"https:\/\/api.w.org\/{rel}","templated":true}]}}