{"id":37969,"date":"2025-10-03T16:52:23","date_gmt":"2025-10-03T16:52:23","guid":{"rendered":"https:\/\/cnctulua.tv\/?p=37969"},"modified":"2025-10-03T16:52:23","modified_gmt":"2025-10-03T16:52:23","slug":"feria-de-emprendimiento-del-colegio-nino-jesus-destaco-creatividad-e-inclusion","status":"publish","type":"post","link":"https:\/\/cnctulua.tv\/?p=37969","title":{"rendered":"Feria de emprendimiento del Colegio Ni\u00f1o Jes\u00fas destac\u00f3 creatividad e inclusi\u00f3n."},"content":{"rendered":"\n<p>En el coliseo de ferias Manuel Victoria Rojas de Tulu\u00e1 se llev\u00f3 a cabo la tradicional exposici\u00f3n de planes de negocio del Colegio del Ni\u00f1o Jes\u00fas. La actividad, enmarcada en el proyecto de educaci\u00f3n econ\u00f3mica y financiera, permiti\u00f3 que estudiantes de diferentes grados mostraran sus ideas con un enfoque empresarial.<\/p>\n\n\n\n<figure class=\"wp-block-embed is-type-video is-provider-youtube wp-block-embed-youtube wp-embed-aspect-16-9 wp-has-aspect-ratio\"><div class=\"wp-block-embed__wrapper\">\n<iframe loading=\"lazy\" title=\"\ud83c\udfa5 \ud83c\udf82\ud83d\udca1 Estudiantes del Colegio Ni\u00f1o Jes\u00fas emprendieron con tortas de banano en feria empresarial. \ud83d\ude4c\ud83d\udcc8\" width=\"640\" height=\"360\" src=\"https:\/\/www.youtube.com\/embed\/dEvWFvsw-QU?feature=oembed\" frameborder=\"0\" allow=\"accelerometer; autoplay; clipboard-write; encrypted-media; gyroscope; picture-in-picture; web-share\" referrerpolicy=\"strict-origin-when-cross-origin\" allowfullscreen><\/iframe>\n<\/div><\/figure>\n\n\n\n<p>El docente Juan Pablo Pe\u00f1a resalt\u00f3 que esta iniciativa busca brindar herramientas para que los j\u00f3venes aprendan a desenvolverse en el mercado y desarrollen competencias de emprendimiento desde temprana edad.<\/p>\n\n\n\n<p>Uno de los aspectos m\u00e1s destacados de la jornada fue la participaci\u00f3n del programa de inclusi\u00f3n educativa, en el que estudiantes con diversas capacidades presentaron proyectos como la elaboraci\u00f3n de velas decorativas y arom\u00e1ticas.<\/p>\n\n\n\n<p>El evento cont\u00f3 con jurados de la Gobernaci\u00f3n del Valle y de programas de apoyo al emprendimiento, quienes valoraron la creatividad y el compromiso de los estudiantes.<\/p>\n","protected":false},"excerpt":{"rendered":"<p>En el coliseo de ferias Manuel Victoria Rojas de Tulu\u00e1 se llev\u00f3 a cabo la tradicional exposici\u00f3n de planes de negocio del Colegio del Ni\u00f1o Jes\u00fas. La actividad, enmarcada en el proyecto de educaci\u00f3n econ\u00f3mica y financiera, permiti\u00f3 que estudiantes de diferentes grados mostraran sus ideas con un enfoque empresarial. El docente Juan Pablo Pe\u00f1a [&hellip;]<\/p>\n","protected":false},"author":3,"featured_media":37985,"comment_status":"open","ping_status":"open","sticky":false,"template":"","format":"video","meta":{"footnotes":""},"categories":[10,1515],"tags":[],"class_list":["post-37969","post","type-post","status-publish","format-video","has-post-thumbnail","hentry","category-cnc-noticias-tulua","category-cnc-tulua","post_format-post-format-video"],"_links":{"self":[{"href":"https:\/\/cnctulua.tv\/index.php?rest_route=\/wp\/v2\/posts\/37969","targetHints":{"allow":["GET"]}}],"collection":[{"href":"https:\/\/cnctulua.tv\/index.php?rest_route=\/wp\/v2\/posts"}],"about":[{"href":"https:\/\/cnctulua.tv\/index.php?rest_route=\/wp\/v2\/types\/post"}],"author":[{"embeddable":true,"href":"https:\/\/cnctulua.tv\/index.php?rest_route=\/wp\/v2\/users\/3"}],"replies":[{"embeddable":true,"href":"https:\/\/cnctulua.tv\/index.php?rest_route=%2Fwp%2Fv2%2Fcomments&post=37969"}],"version-history":[{"count":1,"href":"https:\/\/cnctulua.tv\/index.php?rest_route=\/wp\/v2\/posts\/37969\/revisions"}],"predecessor-version":[{"id":37986,"href":"https:\/\/cnctulua.tv\/index.php?rest_route=\/wp\/v2\/posts\/37969\/revisions\/37986"}],"wp:featuredmedia":[{"embeddable":true,"href":"https:\/\/cnctulua.tv\/index.php?rest_route=\/wp\/v2\/media\/37985"}],"wp:attachment":[{"href":"https:\/\/cnctulua.tv\/index.php?rest_route=%2Fwp%2Fv2%2Fmedia&parent=37969"}],"wp:term":[{"taxonomy":"category","embeddable":true,"href":"https:\/\/cnctulua.tv\/index.php?rest_route=%2Fwp%2Fv2%2Fcategories&post=37969"},{"taxonomy":"post_tag","embeddable":true,"href":"https:\/\/cnctulua.tv\/index.php?rest_route=%2Fwp%2Fv2%2Ftags&post=37969"}],"curies":[{"name":"wp","href":"https:\/\/api.w.org\/{rel}","templated":true}]}}