{"id":37972,"date":"2025-10-03T17:46:36","date_gmt":"2025-10-03T17:46:36","guid":{"rendered":"https:\/\/cnctulua.tv\/?p=37972"},"modified":"2025-10-03T17:46:36","modified_gmt":"2025-10-03T17:46:36","slug":"caen-los-del-eden-12-capturados-y-cuatro-homicidios-esclarecidos-en-jamundi","status":"publish","type":"post","link":"https:\/\/cnctulua.tv\/?p=37972","title":{"rendered":"Caen \u201cLos del Ed\u00e9n\u201d: 12 capturados y cuatro homicidios esclarecidos en Jamund\u00ed"},"content":{"rendered":"\n<p>En un contundente operativo conjunto entre la Polic\u00eda Nacional y la Fiscal\u00eda General de la Naci\u00f3n, se logr\u00f3 la captura de 12 personas se\u00f1aladas como integrantes de la estructura delincuencial conocida como \u201cLos del Ed\u00e9n\u201d, considerada responsable de m\u00faltiples homicidios, casos de microtr\u00e1fico y extorsiones en el municipio de Jamund\u00ed.<\/p>\n\n\n\n<figure class=\"wp-block-embed is-type-video is-provider-youtube wp-block-embed-youtube wp-embed-aspect-16-9 wp-has-aspect-ratio\"><div class=\"wp-block-embed__wrapper\">\n<iframe loading=\"lazy\" title=\"\ud83d\udea8 Caen \u201cLos del Ed\u00e9n\u201d en Jamund\u00ed | 12 capturados y 4 homicidios esclarecidos.\" width=\"640\" height=\"360\" src=\"https:\/\/www.youtube.com\/embed\/eh0irVtMtLY?feature=oembed\" frameborder=\"0\" allow=\"accelerometer; autoplay; clipboard-write; encrypted-media; gyroscope; picture-in-picture; web-share\" referrerpolicy=\"strict-origin-when-cross-origin\" allowfullscreen><\/iframe>\n<\/div><\/figure>\n\n\n\n<p>Entre los detenidos se encuentra la cabecilla del grupo, identificada como \u201cAlba\u201d, quien habr\u00eda coordinado las actividades il\u00edcitas de la organizaci\u00f3n. Seg\u00fan las autoridades, esta operaci\u00f3n se desarroll\u00f3 tras varios meses de investigaci\u00f3n, seguimiento y labores de inteligencia que permitieron establecer los v\u00ednculos de los implicados con diferentes hechos criminales que afectaban la seguridad y tranquilidad de la comunidad.<\/p>\n","protected":false},"excerpt":{"rendered":"<p>En un contundente operativo conjunto entre la Polic\u00eda Nacional y la Fiscal\u00eda General de la Naci\u00f3n, se logr\u00f3 la captura de 12 personas se\u00f1aladas como integrantes de la estructura delincuencial conocida como \u201cLos del Ed\u00e9n\u201d, considerada responsable de m\u00faltiples homicidios, casos de microtr\u00e1fico y extorsiones en el municipio de Jamund\u00ed. Entre los detenidos se encuentra [&hellip;]<\/p>\n","protected":false},"author":3,"featured_media":37995,"comment_status":"open","ping_status":"open","sticky":false,"template":"","format":"video","meta":{"footnotes":""},"categories":[10,1515],"tags":[],"class_list":["post-37972","post","type-post","status-publish","format-video","has-post-thumbnail","hentry","category-cnc-noticias-tulua","category-cnc-tulua","post_format-post-format-video"],"_links":{"self":[{"href":"https:\/\/cnctulua.tv\/index.php?rest_route=\/wp\/v2\/posts\/37972","targetHints":{"allow":["GET"]}}],"collection":[{"href":"https:\/\/cnctulua.tv\/index.php?rest_route=\/wp\/v2\/posts"}],"about":[{"href":"https:\/\/cnctulua.tv\/index.php?rest_route=\/wp\/v2\/types\/post"}],"author":[{"embeddable":true,"href":"https:\/\/cnctulua.tv\/index.php?rest_route=\/wp\/v2\/users\/3"}],"replies":[{"embeddable":true,"href":"https:\/\/cnctulua.tv\/index.php?rest_route=%2Fwp%2Fv2%2Fcomments&post=37972"}],"version-history":[{"count":1,"href":"https:\/\/cnctulua.tv\/index.php?rest_route=\/wp\/v2\/posts\/37972\/revisions"}],"predecessor-version":[{"id":37996,"href":"https:\/\/cnctulua.tv\/index.php?rest_route=\/wp\/v2\/posts\/37972\/revisions\/37996"}],"wp:featuredmedia":[{"embeddable":true,"href":"https:\/\/cnctulua.tv\/index.php?rest_route=\/wp\/v2\/media\/37995"}],"wp:attachment":[{"href":"https:\/\/cnctulua.tv\/index.php?rest_route=%2Fwp%2Fv2%2Fmedia&parent=37972"}],"wp:term":[{"taxonomy":"category","embeddable":true,"href":"https:\/\/cnctulua.tv\/index.php?rest_route=%2Fwp%2Fv2%2Fcategories&post=37972"},{"taxonomy":"post_tag","embeddable":true,"href":"https:\/\/cnctulua.tv\/index.php?rest_route=%2Fwp%2Fv2%2Ftags&post=37972"}],"curies":[{"name":"wp","href":"https:\/\/api.w.org\/{rel}","templated":true}]}}