{"id":37974,"date":"2025-10-03T17:05:06","date_gmt":"2025-10-03T17:05:06","guid":{"rendered":"https:\/\/cnctulua.tv\/?p=37974"},"modified":"2025-10-03T17:05:06","modified_gmt":"2025-10-03T17:05:06","slug":"mimarte-emprendimiento-artesanal-con-enfoque-inclusivo-en-tulua","status":"publish","type":"post","link":"https:\/\/cnctulua.tv\/?p=37974","title":{"rendered":"\u201cMimarte\u201d: emprendimiento artesanal con enfoque inclusivo en Tulu\u00e1."},"content":{"rendered":"\n<p>En la feria empresarial del Colegio del Ni\u00f1o Jes\u00fas, realizada en el coliseo de ferias Manuel Victoria Rojas, se present\u00f3 el emprendimiento \u201cMimarte\u201d, liderado por el estudiante de grado d\u00e9cimo Miguel \u00c1ngel Vallejo G\u00f3mez.<\/p>\n\n\n\n<figure class=\"wp-block-embed is-type-video is-provider-youtube wp-block-embed-youtube wp-embed-aspect-16-9 wp-has-aspect-ratio\"><div class=\"wp-block-embed__wrapper\">\n<iframe loading=\"lazy\" title=\"\ud83d\udd6f\ufe0f \u201cMimarte\u201d: emprendimiento estudiantil que crea velas y macetas artesanales con inclusi\u00f3n social \ud83d\udc9a\" width=\"640\" height=\"360\" src=\"https:\/\/www.youtube.com\/embed\/TDLSlsmA-bA?feature=oembed\" frameborder=\"0\" allow=\"accelerometer; autoplay; clipboard-write; encrypted-media; gyroscope; picture-in-picture; web-share\" referrerpolicy=\"strict-origin-when-cross-origin\" allowfullscreen><\/iframe>\n<\/div><\/figure>\n\n\n\n<p>La iniciativa se centra en la fabricaci\u00f3n de velas y macetas artesanales, con una propuesta diferenciadora: la inclusi\u00f3n de personas con discapacidad en el proceso productivo. Seg\u00fan Vallejo, este modelo no solo genera productos decorativos de calidad, sino que tambi\u00e9n busca fortalecer la autoestima y la independencia de quienes participan en su elaboraci\u00f3n.<\/p>\n\n\n\n<p>La misi\u00f3n de \u201cMimarte\u201d es ofrecer art\u00edculos que embellezcan distintos espacios, mientras que su visi\u00f3n est\u00e1 orientada a consolidarse como un emprendimiento con impacto social en los pr\u00f3ximos a\u00f1os.<\/p>\n","protected":false},"excerpt":{"rendered":"<p>En la feria empresarial del Colegio del Ni\u00f1o Jes\u00fas, realizada en el coliseo de ferias Manuel Victoria Rojas, se present\u00f3 el emprendimiento \u201cMimarte\u201d, liderado por el estudiante de grado d\u00e9cimo Miguel \u00c1ngel Vallejo G\u00f3mez. La iniciativa se centra en la fabricaci\u00f3n de velas y macetas artesanales, con una propuesta diferenciadora: la inclusi\u00f3n de personas con [&hellip;]<\/p>\n","protected":false},"author":3,"featured_media":37982,"comment_status":"open","ping_status":"open","sticky":false,"template":"","format":"video","meta":{"footnotes":""},"categories":[10,1515],"tags":[],"class_list":["post-37974","post","type-post","status-publish","format-video","has-post-thumbnail","hentry","category-cnc-noticias-tulua","category-cnc-tulua","post_format-post-format-video"],"_links":{"self":[{"href":"https:\/\/cnctulua.tv\/index.php?rest_route=\/wp\/v2\/posts\/37974","targetHints":{"allow":["GET"]}}],"collection":[{"href":"https:\/\/cnctulua.tv\/index.php?rest_route=\/wp\/v2\/posts"}],"about":[{"href":"https:\/\/cnctulua.tv\/index.php?rest_route=\/wp\/v2\/types\/post"}],"author":[{"embeddable":true,"href":"https:\/\/cnctulua.tv\/index.php?rest_route=\/wp\/v2\/users\/3"}],"replies":[{"embeddable":true,"href":"https:\/\/cnctulua.tv\/index.php?rest_route=%2Fwp%2Fv2%2Fcomments&post=37974"}],"version-history":[{"count":1,"href":"https:\/\/cnctulua.tv\/index.php?rest_route=\/wp\/v2\/posts\/37974\/revisions"}],"predecessor-version":[{"id":37989,"href":"https:\/\/cnctulua.tv\/index.php?rest_route=\/wp\/v2\/posts\/37974\/revisions\/37989"}],"wp:featuredmedia":[{"embeddable":true,"href":"https:\/\/cnctulua.tv\/index.php?rest_route=\/wp\/v2\/media\/37982"}],"wp:attachment":[{"href":"https:\/\/cnctulua.tv\/index.php?rest_route=%2Fwp%2Fv2%2Fmedia&parent=37974"}],"wp:term":[{"taxonomy":"category","embeddable":true,"href":"https:\/\/cnctulua.tv\/index.php?rest_route=%2Fwp%2Fv2%2Fcategories&post=37974"},{"taxonomy":"post_tag","embeddable":true,"href":"https:\/\/cnctulua.tv\/index.php?rest_route=%2Fwp%2Fv2%2Ftags&post=37974"}],"curies":[{"name":"wp","href":"https:\/\/api.w.org\/{rel}","templated":true}]}}