{"id":37976,"date":"2025-10-03T18:06:23","date_gmt":"2025-10-03T18:06:23","guid":{"rendered":"https:\/\/cnctulua.tv\/?p=37976"},"modified":"2025-10-03T18:06:23","modified_gmt":"2025-10-03T18:06:23","slug":"dos-homicidios-en-menos-de-24-horas-generan-temor-en-tulua","status":"publish","type":"post","link":"https:\/\/cnctulua.tv\/?p=37976","title":{"rendered":"Dos homicidios en menos de 24 horas generan temor en Tulu\u00e1."},"content":{"rendered":"\n<p>La violencia volvi\u00f3 a golpear a la Villa de C\u00e9spedes. En menos de 24 horas, dos hombres fueron asesinados bajo la modalidad de sicariato en diferentes sectores del municipio de Tulu\u00e1, aumentando la preocupaci\u00f3n de la ciudadan\u00eda frente a la seguridad.<\/p>\n\n\n\n<figure class=\"wp-block-embed is-type-video is-provider-youtube wp-block-embed-youtube wp-embed-aspect-16-9 wp-has-aspect-ratio\"><div class=\"wp-block-embed__wrapper\">\nhttps:\/\/youtu.be\/2COKCl-AFik\n<\/div><\/figure>\n\n\n\n<p>El primer caso ocurri\u00f3 en el sector conocido como Siete Canchas, donde Jos\u00e9 Luis Granado Saldarriaga, de 23 a\u00f1os, fue atacado con arma de fuego al interior de una tienda de barrio. Seg\u00fan testigos, hombres armados ingresaron al lugar y le dispararon en repetidas ocasiones, provocando su muerte en el sitio.<\/p>\n\n\n\n<p>Horas m\u00e1s tarde, en la Transversal 12, v\u00eda que conduce al corregimiento de Aguaclara, fue asesinado Jhon Eferson Gil Zamora, de 29 a\u00f1os. La v\u00edctima se encontraba en una barber\u00eda cuando un hombre, que fing\u00eda ser cliente, abri\u00f3 fuego contra \u00e9l.<\/p>\n\n\n\n<p>En ambos casos, unidades del CTI de la Fiscal\u00eda realizaron el levantamiento de los cuerpos e iniciaron la recolecci\u00f3n de pruebas para avanzar en las indagaciones.<\/p>\n\n\n\n<p>Las autoridades trabajan en el esclarecimiento de estos homicidios y en la identificaci\u00f3n de los responsables. Entre tanto, la comunidad insiste en la necesidad de medidas m\u00e1s efectivas frente a la ola de violencia que persiste en el municipio.<\/p>\n","protected":false},"excerpt":{"rendered":"<p>La violencia volvi\u00f3 a golpear a la Villa de C\u00e9spedes. En menos de 24 horas, dos hombres fueron asesinados bajo la modalidad de sicariato en diferentes sectores del municipio de Tulu\u00e1, aumentando la preocupaci\u00f3n de la ciudadan\u00eda frente a la seguridad. El primer caso ocurri\u00f3 en el sector conocido como Siete Canchas, donde Jos\u00e9 Luis [&hellip;]<\/p>\n","protected":false},"author":3,"featured_media":37994,"comment_status":"open","ping_status":"open","sticky":false,"template":"","format":"video","meta":{"footnotes":""},"categories":[1],"tags":[],"class_list":["post-37976","post","type-post","status-publish","format-video","has-post-thumbnail","hentry","category-uncategorized","post_format-post-format-video"],"_links":{"self":[{"href":"https:\/\/cnctulua.tv\/index.php?rest_route=\/wp\/v2\/posts\/37976","targetHints":{"allow":["GET"]}}],"collection":[{"href":"https:\/\/cnctulua.tv\/index.php?rest_route=\/wp\/v2\/posts"}],"about":[{"href":"https:\/\/cnctulua.tv\/index.php?rest_route=\/wp\/v2\/types\/post"}],"author":[{"embeddable":true,"href":"https:\/\/cnctulua.tv\/index.php?rest_route=\/wp\/v2\/users\/3"}],"replies":[{"embeddable":true,"href":"https:\/\/cnctulua.tv\/index.php?rest_route=%2Fwp%2Fv2%2Fcomments&post=37976"}],"version-history":[{"count":1,"href":"https:\/\/cnctulua.tv\/index.php?rest_route=\/wp\/v2\/posts\/37976\/revisions"}],"predecessor-version":[{"id":38000,"href":"https:\/\/cnctulua.tv\/index.php?rest_route=\/wp\/v2\/posts\/37976\/revisions\/38000"}],"wp:featuredmedia":[{"embeddable":true,"href":"https:\/\/cnctulua.tv\/index.php?rest_route=\/wp\/v2\/media\/37994"}],"wp:attachment":[{"href":"https:\/\/cnctulua.tv\/index.php?rest_route=%2Fwp%2Fv2%2Fmedia&parent=37976"}],"wp:term":[{"taxonomy":"category","embeddable":true,"href":"https:\/\/cnctulua.tv\/index.php?rest_route=%2Fwp%2Fv2%2Fcategories&post=37976"},{"taxonomy":"post_tag","embeddable":true,"href":"https:\/\/cnctulua.tv\/index.php?rest_route=%2Fwp%2Fv2%2Ftags&post=37976"}],"curies":[{"name":"wp","href":"https:\/\/api.w.org\/{rel}","templated":true}]}}