{"id":37979,"date":"2025-10-03T18:43:12","date_gmt":"2025-10-03T18:43:12","guid":{"rendered":"https:\/\/cnctulua.tv\/?p=37979"},"modified":"2025-10-03T18:43:12","modified_gmt":"2025-10-03T18:43:12","slug":"gobernadora-del-valle-insiste-en-que-reforma-agraria-beneficie-a-campesinos-vallecaucanos","status":"publish","type":"post","link":"https:\/\/cnctulua.tv\/?p=37979","title":{"rendered":"Gobernadora del Valle insiste en que Reforma Agraria beneficie a campesinos vallecaucanos."},"content":{"rendered":"\n<p>La gobernadora del Valle del Cauca, Dilian Francisca Toro, reiter\u00f3 este jueves su llamado al Gobierno Nacional para que la Reforma Agraria se haga efectiva en el departamento, priorizando la adjudicaci\u00f3n de tierras a campesinos de la regi\u00f3n que siguen esperando respuestas.<\/p>\n\n\n\n<figure class=\"wp-block-embed is-type-video is-provider-youtube wp-block-embed-youtube wp-embed-aspect-16-9 wp-has-aspect-ratio\"><div class=\"wp-block-embed__wrapper\">\n<iframe loading=\"lazy\" title=\"\ud83c\udf31 Gobernadora del Valle pide que Reforma Agraria beneficie a campesinos del departamento\" width=\"640\" height=\"360\" src=\"https:\/\/www.youtube.com\/embed\/nHlyfluXa5s?feature=oembed\" frameborder=\"0\" allow=\"accelerometer; autoplay; clipboard-write; encrypted-media; gyroscope; picture-in-picture; web-share\" referrerpolicy=\"strict-origin-when-cross-origin\" allowfullscreen><\/iframe>\n<\/div><\/figure>\n\n\n\n<p>Seg\u00fan explic\u00f3 la mandataria, la propuesta ha sido presentada en varias ocasiones ante la Ministra de Agricultura, la Sociedad de Activos Especiales (SAE) e incluso directamente al Presidente de la Rep\u00fablica, sin que hasta ahora se concrete la entrega de predios.<\/p>\n\n\n\n<p>\u201cNecesitamos que esas tierras que est\u00e1n desaprovechadas se les den a los campesinos del Valle del Cauca que est\u00e1n necesitando tierra. De esa manera podremos apoyarlos con proyectos productivos y as\u00ed hablar de una Reforma Agraria real. Pero hasta el momento nuestros campesinos no han recibido tierras\u201d, afirm\u00f3 Toro.<\/p>\n\n\n\n<p>La gobernadora tambi\u00e9n expres\u00f3 preocupaci\u00f3n porque, seg\u00fan denunci\u00f3, se han adjudicado predios a campesinos e ind\u00edgenas de otros departamentos, mientras que comunidades locales del Valle contin\u00faan en lista de espera.<\/p>\n\n\n\n<p>En ese sentido, record\u00f3 el caso de dos comunidades ind\u00edgenas en El Dovio y Bol\u00edvar, que todav\u00eda no cuentan con soluciones frente al acceso a tierras, pese a las solicitudes que se han elevado desde hace varios a\u00f1os.<\/p>\n\n\n\n<p>Actualmente, la Gobernaci\u00f3n mantiene mesas de di\u00e1logo con la Agencia Nacional de Tierras (ANT), con la expectativa de que se agilicen los procesos de adjudicaci\u00f3n. La intenci\u00f3n, dijo Toro, es articular la entrega de predios con programas departamentales como Valle Agro y Valle Caf\u00e9, los cuales buscan fortalecer la productividad agr\u00edcola en la regi\u00f3n.<\/p>\n\n\n\n<p>No obstante, desde la Secretar\u00eda de Desarrollo Rural, Agricultura y Pesca del Valle se ha advertido que, en los \u00faltimos cuatro a\u00f1os, no se ha recibido informaci\u00f3n clara desde el nivel nacional sobre tierras adjudicadas, organizaciones beneficiadas ni municipios favorecidos, lo que limita la planeaci\u00f3n de proyectos productivos en el departamento.<\/p>\n\n\n\n<p>La mandataria insisti\u00f3 en que este tema es urgente para garantizar oportunidades al sector campesino y evitar que se sigan profundizando las brechas en el acceso a la tierra.<\/p>\n\n\n\n<p>\u201cLas tierras no son para la Gobernaci\u00f3n, son para los campesinos, para la gente del Valle del Cauca. Ellos las han solicitado, pero se las est\u00e1n dando a otros departamentos. Lo que pedimos es justicia y equidad para nuestra gente\u201d, concluy\u00f3 Toro.<\/p>\n\n\n\n<p>El debate sobre la Reforma Agraria sigue abierto en el Valle del Cauca, una regi\u00f3n con fuerte vocaci\u00f3n agr\u00edcola pero donde los campesinos aseguran que la falta de tierras sigue siendo uno de los principales obst\u00e1culos para mejorar su calidad de vida.<\/p>\n","protected":false},"excerpt":{"rendered":"<p>La gobernadora del Valle del Cauca, Dilian Francisca Toro, reiter\u00f3 este jueves su llamado al Gobierno Nacional para que la Reforma Agraria se haga efectiva en el departamento, priorizando la adjudicaci\u00f3n de tierras a campesinos de la regi\u00f3n que siguen esperando respuestas. Seg\u00fan explic\u00f3 la mandataria, la propuesta ha sido presentada en varias ocasiones ante [&hellip;]<\/p>\n","protected":false},"author":3,"featured_media":38009,"comment_status":"open","ping_status":"open","sticky":false,"template":"","format":"video","meta":{"footnotes":""},"categories":[10,1515],"tags":[],"class_list":["post-37979","post","type-post","status-publish","format-video","has-post-thumbnail","hentry","category-cnc-noticias-tulua","category-cnc-tulua","post_format-post-format-video"],"_links":{"self":[{"href":"https:\/\/cnctulua.tv\/index.php?rest_route=\/wp\/v2\/posts\/37979","targetHints":{"allow":["GET"]}}],"collection":[{"href":"https:\/\/cnctulua.tv\/index.php?rest_route=\/wp\/v2\/posts"}],"about":[{"href":"https:\/\/cnctulua.tv\/index.php?rest_route=\/wp\/v2\/types\/post"}],"author":[{"embeddable":true,"href":"https:\/\/cnctulua.tv\/index.php?rest_route=\/wp\/v2\/users\/3"}],"replies":[{"embeddable":true,"href":"https:\/\/cnctulua.tv\/index.php?rest_route=%2Fwp%2Fv2%2Fcomments&post=37979"}],"version-history":[{"count":1,"href":"https:\/\/cnctulua.tv\/index.php?rest_route=\/wp\/v2\/posts\/37979\/revisions"}],"predecessor-version":[{"id":38010,"href":"https:\/\/cnctulua.tv\/index.php?rest_route=\/wp\/v2\/posts\/37979\/revisions\/38010"}],"wp:featuredmedia":[{"embeddable":true,"href":"https:\/\/cnctulua.tv\/index.php?rest_route=\/wp\/v2\/media\/38009"}],"wp:attachment":[{"href":"https:\/\/cnctulua.tv\/index.php?rest_route=%2Fwp%2Fv2%2Fmedia&parent=37979"}],"wp:term":[{"taxonomy":"category","embeddable":true,"href":"https:\/\/cnctulua.tv\/index.php?rest_route=%2Fwp%2Fv2%2Fcategories&post=37979"},{"taxonomy":"post_tag","embeddable":true,"href":"https:\/\/cnctulua.tv\/index.php?rest_route=%2Fwp%2Fv2%2Ftags&post=37979"}],"curies":[{"name":"wp","href":"https:\/\/api.w.org\/{rel}","templated":true}]}}