{"id":37981,"date":"2025-10-03T18:47:51","date_gmt":"2025-10-03T18:47:51","guid":{"rendered":"https:\/\/cnctulua.tv\/?p=37981"},"modified":"2025-10-03T18:47:51","modified_gmt":"2025-10-03T18:47:51","slug":"gobernadores-del-pacifico-se-unen-por-la-proteccion-de-bosques","status":"publish","type":"post","link":"https:\/\/cnctulua.tv\/?p=37981","title":{"rendered":"Gobernadores del Pac\u00edfico se unen por la protecci\u00f3n de bosques."},"content":{"rendered":"\n<p>Los departamentos del Valle del Cauca, Choc\u00f3 y Cauca ratificaron su participaci\u00f3n en la Alianza Pac\u00edfico por los Bosques y acordaron vincularse al GCF Task Force, una red internacional que agrupa gobiernos subnacionales comprometidos con la reducci\u00f3n de emisiones derivadas de la deforestaci\u00f3n y la protecci\u00f3n de los bosques tropicales.<\/p>\n\n\n\n<figure class=\"wp-block-embed is-type-video is-provider-youtube wp-block-embed-youtube wp-embed-aspect-16-9 wp-has-aspect-ratio\"><div class=\"wp-block-embed__wrapper\">\n<iframe loading=\"lazy\" title=\"Gobernadores del Pac\u00edfico refuerzan protecci\u00f3n de bosques \ud83c\udf31\" width=\"640\" height=\"360\" src=\"https:\/\/www.youtube.com\/embed\/fNmFjTKn_c8?feature=oembed\" frameborder=\"0\" allow=\"accelerometer; autoplay; clipboard-write; encrypted-media; gyroscope; picture-in-picture; web-share\" referrerpolicy=\"strict-origin-when-cross-origin\" allowfullscreen><\/iframe>\n<\/div><\/figure>\n\n\n\n<p>Durante la Semana de la Biodiversidad, la gobernadora del Valle del Cauca, Dilian Francisca Toro, explic\u00f3 que la alianza busca plataformas estrat\u00e9gicas para proteger ecosistemas, generar financiamiento internacional para proyectos productivos y promover la bioeconom\u00eda en beneficio de las comunidades locales.<\/p>\n\n\n\n<p>Por su parte, la gobernadora del Choc\u00f3, Nubia Carolina C\u00f3rdoba, destac\u00f3 que la participaci\u00f3n en el GCF permite defender la gesti\u00f3n de la biodiversidad y los derechos de las comunidades que hist\u00f3ricamente han conservado los bosques.<\/p>\n\n\n\n<p>El gobernador del Cauca, Jorge Octavio Guzm\u00e1n, resalt\u00f3 la importancia de articular acciones conjuntas entre los departamentos del Pac\u00edfico, fortaleciendo la visibilidad de la regi\u00f3n y el trabajo territorial.<\/p>\n\n\n\n<p>La alianza cont\u00f3 con la presencia de observadores de Ecuador, Panam\u00e1 y Chile, quienes valoraron la consolidaci\u00f3n de este proyecto iniciado en la COP16 y ahora materializado en Colombia.<\/p>\n\n\n\n<p>Con estas acciones, los departamentos del Pac\u00edfico reafirman su compromiso con la justicia ambiental y clim\u00e1tica, impulsando la sostenibilidad, la conservaci\u00f3n de la biodiversidad y el desarrollo econ\u00f3mico de las comunidades locales.<\/p>\n","protected":false},"excerpt":{"rendered":"<p>Los departamentos del Valle del Cauca, Choc\u00f3 y Cauca ratificaron su participaci\u00f3n en la Alianza Pac\u00edfico por los Bosques y acordaron vincularse al GCF Task Force, una red internacional que agrupa gobiernos subnacionales comprometidos con la reducci\u00f3n de emisiones derivadas de la deforestaci\u00f3n y la protecci\u00f3n de los bosques tropicales. Durante la Semana de la [&hellip;]<\/p>\n","protected":false},"author":3,"featured_media":38011,"comment_status":"open","ping_status":"open","sticky":false,"template":"","format":"video","meta":{"footnotes":""},"categories":[10,1515],"tags":[],"class_list":["post-37981","post","type-post","status-publish","format-video","has-post-thumbnail","hentry","category-cnc-noticias-tulua","category-cnc-tulua","post_format-post-format-video"],"_links":{"self":[{"href":"https:\/\/cnctulua.tv\/index.php?rest_route=\/wp\/v2\/posts\/37981","targetHints":{"allow":["GET"]}}],"collection":[{"href":"https:\/\/cnctulua.tv\/index.php?rest_route=\/wp\/v2\/posts"}],"about":[{"href":"https:\/\/cnctulua.tv\/index.php?rest_route=\/wp\/v2\/types\/post"}],"author":[{"embeddable":true,"href":"https:\/\/cnctulua.tv\/index.php?rest_route=\/wp\/v2\/users\/3"}],"replies":[{"embeddable":true,"href":"https:\/\/cnctulua.tv\/index.php?rest_route=%2Fwp%2Fv2%2Fcomments&post=37981"}],"version-history":[{"count":1,"href":"https:\/\/cnctulua.tv\/index.php?rest_route=\/wp\/v2\/posts\/37981\/revisions"}],"predecessor-version":[{"id":38012,"href":"https:\/\/cnctulua.tv\/index.php?rest_route=\/wp\/v2\/posts\/37981\/revisions\/38012"}],"wp:featuredmedia":[{"embeddable":true,"href":"https:\/\/cnctulua.tv\/index.php?rest_route=\/wp\/v2\/media\/38011"}],"wp:attachment":[{"href":"https:\/\/cnctulua.tv\/index.php?rest_route=%2Fwp%2Fv2%2Fmedia&parent=37981"}],"wp:term":[{"taxonomy":"category","embeddable":true,"href":"https:\/\/cnctulua.tv\/index.php?rest_route=%2Fwp%2Fv2%2Fcategories&post=37981"},{"taxonomy":"post_tag","embeddable":true,"href":"https:\/\/cnctulua.tv\/index.php?rest_route=%2Fwp%2Fv2%2Ftags&post=37981"}],"curies":[{"name":"wp","href":"https:\/\/api.w.org\/{rel}","templated":true}]}}