{"id":38021,"date":"2025-10-06T16:56:24","date_gmt":"2025-10-06T16:56:24","guid":{"rendered":"https:\/\/cnctulua.tv\/?p=38021"},"modified":"2025-10-06T16:56:24","modified_gmt":"2025-10-06T16:56:24","slug":"desarticulan-el-grupo-delincuencial-la-c-en-guacari-cinco-capturados-en-operativo-conjunto","status":"publish","type":"post","link":"https:\/\/cnctulua.tv\/?p=38021","title":{"rendered":"Desarticulan el grupo delincuencial \u201cLa C\u201d en Guacar\u00ed: cinco capturados en operativo conjunto."},"content":{"rendered":"\n<p>En el municipio de Guacar\u00ed (Valle del Cauca), la Polic\u00eda Nacional, en coordinaci\u00f3n con la Fiscal\u00eda General de la Naci\u00f3n, ejecut\u00f3 un operativo que permiti\u00f3 la desarticulaci\u00f3n del Grupo Delincuencial Com\u00fan Organizado (GDCO) \u201cLa C\u201d, logrando la captura de cinco personas mediante seis diligencias de registro y allanamiento.<\/p>\n\n\n\n<figure class=\"wp-block-embed is-type-video is-provider-youtube wp-block-embed-youtube wp-embed-aspect-16-9 wp-has-aspect-ratio\"><div class=\"wp-block-embed__wrapper\">\n<iframe loading=\"lazy\" title=\"\ud83d\ude94 Capturan a cinco presuntos integrantes del grupo \u201cLa C\u201d en Guacar\u00ed, Valle del Cauca.\" width=\"640\" height=\"360\" src=\"https:\/\/www.youtube.com\/embed\/jEa0iXuKVLM?feature=oembed\" frameborder=\"0\" allow=\"accelerometer; autoplay; clipboard-write; encrypted-media; gyroscope; picture-in-picture; web-share\" referrerpolicy=\"strict-origin-when-cross-origin\" allowfullscreen><\/iframe>\n<\/div><\/figure>\n\n\n\n<p>Las acciones fueron desarrolladas con apoyo de la SIJIN, Sipol, GOES y el CTI, bajo el marco de una investigaci\u00f3n por los delitos de concierto para delinquir agravado y tr\u00e1fico de estupefacientes.<\/p>\n\n\n\n<p>Durante el procedimiento fueron capturados alias El Mocho (se\u00f1alado como presunto cabecilla), alias Leidy, Jos\u00e9, Yeison y Marin. En el lugar se incautaron 111 gramos de marihuana, cinco celulares, dinero en efectivo y un cuaderno con registros de contabilidad de la presunta actividad il\u00edcita.<\/p>\n\n\n\n<p>De acuerdo con las autoridades, el grupo realizaba la venta de estupefacientes en v\u00eda p\u00fablica y mediante la modalidad de distribuci\u00f3n a domicilio.<\/p>\n\n\n\n<p>Tras las audiencias, un juez les impuso medida de aseguramiento en centro penitenciario y carcelario.<\/p>\n\n\n\n<p>La Polic\u00eda Nacional reiter\u00f3 que continuar\u00e1 trabajando de manera articulada con la Fiscal\u00eda y dem\u00e1s instituciones en las estrategias de control y seguridad ciudadana en el Valle del Cauca.<\/p>\n","protected":false},"excerpt":{"rendered":"<p>En el municipio de Guacar\u00ed (Valle del Cauca), la Polic\u00eda Nacional, en coordinaci\u00f3n con la Fiscal\u00eda General de la Naci\u00f3n, ejecut\u00f3 un operativo que permiti\u00f3 la desarticulaci\u00f3n del Grupo Delincuencial Com\u00fan Organizado (GDCO) \u201cLa C\u201d, logrando la captura de cinco personas mediante seis diligencias de registro y allanamiento. Las acciones fueron desarrolladas con apoyo de [&hellip;]<\/p>\n","protected":false},"author":3,"featured_media":38043,"comment_status":"open","ping_status":"open","sticky":false,"template":"","format":"video","meta":{"footnotes":""},"categories":[10,1515],"tags":[],"class_list":["post-38021","post","type-post","status-publish","format-video","has-post-thumbnail","hentry","category-cnc-noticias-tulua","category-cnc-tulua","post_format-post-format-video"],"_links":{"self":[{"href":"https:\/\/cnctulua.tv\/index.php?rest_route=\/wp\/v2\/posts\/38021","targetHints":{"allow":["GET"]}}],"collection":[{"href":"https:\/\/cnctulua.tv\/index.php?rest_route=\/wp\/v2\/posts"}],"about":[{"href":"https:\/\/cnctulua.tv\/index.php?rest_route=\/wp\/v2\/types\/post"}],"author":[{"embeddable":true,"href":"https:\/\/cnctulua.tv\/index.php?rest_route=\/wp\/v2\/users\/3"}],"replies":[{"embeddable":true,"href":"https:\/\/cnctulua.tv\/index.php?rest_route=%2Fwp%2Fv2%2Fcomments&post=38021"}],"version-history":[{"count":1,"href":"https:\/\/cnctulua.tv\/index.php?rest_route=\/wp\/v2\/posts\/38021\/revisions"}],"predecessor-version":[{"id":38058,"href":"https:\/\/cnctulua.tv\/index.php?rest_route=\/wp\/v2\/posts\/38021\/revisions\/38058"}],"wp:featuredmedia":[{"embeddable":true,"href":"https:\/\/cnctulua.tv\/index.php?rest_route=\/wp\/v2\/media\/38043"}],"wp:attachment":[{"href":"https:\/\/cnctulua.tv\/index.php?rest_route=%2Fwp%2Fv2%2Fmedia&parent=38021"}],"wp:term":[{"taxonomy":"category","embeddable":true,"href":"https:\/\/cnctulua.tv\/index.php?rest_route=%2Fwp%2Fv2%2Fcategories&post=38021"},{"taxonomy":"post_tag","embeddable":true,"href":"https:\/\/cnctulua.tv\/index.php?rest_route=%2Fwp%2Fv2%2Ftags&post=38021"}],"curies":[{"name":"wp","href":"https:\/\/api.w.org\/{rel}","templated":true}]}}