{"id":38025,"date":"2025-10-06T17:41:57","date_gmt":"2025-10-06T17:41:57","guid":{"rendered":"https:\/\/cnctulua.tv\/?p=38025"},"modified":"2025-10-06T17:41:57","modified_gmt":"2025-10-06T17:41:57","slug":"jovenes-tuluenos-acceden-a-rutas-de-empleabilidad-y-primer-empleo","status":"publish","type":"post","link":"https:\/\/cnctulua.tv\/?p=38025","title":{"rendered":"J\u00f3venes tulue\u00f1os acceden a rutas de empleabilidad y primer empleo."},"content":{"rendered":"\n<p>Con el prop\u00f3sito de promover la inserci\u00f3n laboral juvenil, en Tulu\u00e1 se realiz\u00f3 una jornada dirigida a los beneficiarios del programa Renta Joven, quienes conocieron de primera mano las rutas de empleabilidad y las convocatorias p\u00fablicas que ofrece el Estado colombiano.<\/p>\n\n\n\n<figure class=\"wp-block-embed is-type-video is-provider-youtube wp-block-embed-youtube wp-embed-aspect-16-9 wp-has-aspect-ratio\"><div class=\"wp-block-embed__wrapper\">\nhttps:\/\/youtu.be\/jNdJtyAFy_4\n<\/div><\/figure>\n\n\n\n<p>Durante el encuentro, los participantes fueron orientados sobre la Ley de Primer Empleo, la cual facilita el acceso a vacantes sin requerir amplia experiencia o formaci\u00f3n espec\u00edfica, fomentando as\u00ed la vinculaci\u00f3n laboral de j\u00f3venes en diferentes sectores.<\/p>\n\n\n\n<p>La actividad fue organizada por la Administraci\u00f3n Municipal, en conjunto con Prosperidad Social, la UCEVA y la Comisi\u00f3n Nacional del Servicio Civil, en el marco de las estrategias de fortalecimiento al empleo y la educaci\u00f3n en el municipio.<\/p>\n\n\n\n<p>Estas acciones hacen parte del compromiso institucional por brindar m\u00e1s herramientas de desarrollo, orientaci\u00f3n y acompa\u00f1amiento a los j\u00f3venes, permiti\u00e9ndoles construir proyectos de vida sostenibles y aprovechar las oportunidades que hoy ofrece el pa\u00eds.<\/p>\n","protected":false},"excerpt":{"rendered":"<p>Con el prop\u00f3sito de promover la inserci\u00f3n laboral juvenil, en Tulu\u00e1 se realiz\u00f3 una jornada dirigida a los beneficiarios del programa Renta Joven, quienes conocieron de primera mano las rutas de empleabilidad y las convocatorias p\u00fablicas que ofrece el Estado colombiano. Durante el encuentro, los participantes fueron orientados sobre la Ley de Primer Empleo, la [&hellip;]<\/p>\n","protected":false},"author":3,"featured_media":38046,"comment_status":"open","ping_status":"open","sticky":false,"template":"","format":"video","meta":{"footnotes":""},"categories":[10,1515],"tags":[],"class_list":["post-38025","post","type-post","status-publish","format-video","has-post-thumbnail","hentry","category-cnc-noticias-tulua","category-cnc-tulua","post_format-post-format-video"],"_links":{"self":[{"href":"https:\/\/cnctulua.tv\/index.php?rest_route=\/wp\/v2\/posts\/38025","targetHints":{"allow":["GET"]}}],"collection":[{"href":"https:\/\/cnctulua.tv\/index.php?rest_route=\/wp\/v2\/posts"}],"about":[{"href":"https:\/\/cnctulua.tv\/index.php?rest_route=\/wp\/v2\/types\/post"}],"author":[{"embeddable":true,"href":"https:\/\/cnctulua.tv\/index.php?rest_route=\/wp\/v2\/users\/3"}],"replies":[{"embeddable":true,"href":"https:\/\/cnctulua.tv\/index.php?rest_route=%2Fwp%2Fv2%2Fcomments&post=38025"}],"version-history":[{"count":1,"href":"https:\/\/cnctulua.tv\/index.php?rest_route=\/wp\/v2\/posts\/38025\/revisions"}],"predecessor-version":[{"id":38064,"href":"https:\/\/cnctulua.tv\/index.php?rest_route=\/wp\/v2\/posts\/38025\/revisions\/38064"}],"wp:featuredmedia":[{"embeddable":true,"href":"https:\/\/cnctulua.tv\/index.php?rest_route=\/wp\/v2\/media\/38046"}],"wp:attachment":[{"href":"https:\/\/cnctulua.tv\/index.php?rest_route=%2Fwp%2Fv2%2Fmedia&parent=38025"}],"wp:term":[{"taxonomy":"category","embeddable":true,"href":"https:\/\/cnctulua.tv\/index.php?rest_route=%2Fwp%2Fv2%2Fcategories&post=38025"},{"taxonomy":"post_tag","embeddable":true,"href":"https:\/\/cnctulua.tv\/index.php?rest_route=%2Fwp%2Fv2%2Ftags&post=38025"}],"curies":[{"name":"wp","href":"https:\/\/api.w.org\/{rel}","templated":true}]}}