{"id":38026,"date":"2025-10-06T16:23:50","date_gmt":"2025-10-06T16:23:50","guid":{"rendered":"https:\/\/cnctulua.tv\/?p=38026"},"modified":"2025-10-06T16:23:50","modified_gmt":"2025-10-06T16:23:50","slug":"mas-de-200-estudiantes-fueron-capacitados-en-violencias-de-genero-en-tulua","status":"publish","type":"post","link":"https:\/\/cnctulua.tv\/?p=38026","title":{"rendered":"M\u00e1s de 200 estudiantes fueron capacitados en violencias de g\u00e9nero en Tulu\u00e1."},"content":{"rendered":"\n<p>Con el prop\u00f3sito de promover entornos escolares y universitarios libres de violencia, la Administraci\u00f3n Municipal de Tulu\u00e1 realiz\u00f3 una jornada de capacitaci\u00f3n en violencias basadas en g\u00e9nero dirigida a m\u00e1s de 200 representantes de instituciones educativas y universidades.<\/p>\n\n\n\n<figure class=\"wp-block-embed is-type-video is-provider-youtube wp-block-embed-youtube wp-embed-aspect-16-9 wp-has-aspect-ratio\"><div class=\"wp-block-embed__wrapper\">\n<iframe loading=\"lazy\" title=\"\ud83c\udf93 Capacitaci\u00f3n en violencias de g\u00e9nero en Tulu\u00e1.\" width=\"640\" height=\"360\" src=\"https:\/\/www.youtube.com\/embed\/d0KqJ6Nz8tY?feature=oembed\" frameborder=\"0\" allow=\"accelerometer; autoplay; clipboard-write; encrypted-media; gyroscope; picture-in-picture; web-share\" referrerpolicy=\"strict-origin-when-cross-origin\" allowfullscreen><\/iframe>\n<\/div><\/figure>\n\n\n\n<p>La actividad, desarrollada en el Coliseo de Ferias Manuel Victoria Rojas, fue liderada por la Secretar\u00eda de Bienestar Social y la Coordinaci\u00f3n de Mujer, con el apoyo de la Fiscal\u00eda General de la Naci\u00f3n.<\/p>\n\n\n\n<p>Durante la jornada, los participantes recibieron orientaci\u00f3n sobre la identificaci\u00f3n de situaciones de violencia, las sanciones establecidas por la ley y los procesos judiciales correspondientes, con \u00e9nfasis en la prevenci\u00f3n y la atenci\u00f3n integral a las v\u00edctimas.<\/p>\n\n\n\n<p>Esta iniciativa busca fortalecer la formaci\u00f3n ciudadana y la cultura del respeto, promoviendo comunidades educativas m\u00e1s informadas, responsables y protectoras de los derechos humanos.<\/p>\n","protected":false},"excerpt":{"rendered":"<p>Con el prop\u00f3sito de promover entornos escolares y universitarios libres de violencia, la Administraci\u00f3n Municipal de Tulu\u00e1 realiz\u00f3 una jornada de capacitaci\u00f3n en violencias basadas en g\u00e9nero dirigida a m\u00e1s de 200 representantes de instituciones educativas y universidades. La actividad, desarrollada en el Coliseo de Ferias Manuel Victoria Rojas, fue liderada por la Secretar\u00eda de [&hellip;]<\/p>\n","protected":false},"author":3,"featured_media":38047,"comment_status":"open","ping_status":"open","sticky":false,"template":"","format":"video","meta":{"footnotes":""},"categories":[10,1515],"tags":[],"class_list":["post-38026","post","type-post","status-publish","format-video","has-post-thumbnail","hentry","category-cnc-noticias-tulua","category-cnc-tulua","post_format-post-format-video"],"_links":{"self":[{"href":"https:\/\/cnctulua.tv\/index.php?rest_route=\/wp\/v2\/posts\/38026","targetHints":{"allow":["GET"]}}],"collection":[{"href":"https:\/\/cnctulua.tv\/index.php?rest_route=\/wp\/v2\/posts"}],"about":[{"href":"https:\/\/cnctulua.tv\/index.php?rest_route=\/wp\/v2\/types\/post"}],"author":[{"embeddable":true,"href":"https:\/\/cnctulua.tv\/index.php?rest_route=\/wp\/v2\/users\/3"}],"replies":[{"embeddable":true,"href":"https:\/\/cnctulua.tv\/index.php?rest_route=%2Fwp%2Fv2%2Fcomments&post=38026"}],"version-history":[{"count":1,"href":"https:\/\/cnctulua.tv\/index.php?rest_route=\/wp\/v2\/posts\/38026\/revisions"}],"predecessor-version":[{"id":38054,"href":"https:\/\/cnctulua.tv\/index.php?rest_route=\/wp\/v2\/posts\/38026\/revisions\/38054"}],"wp:featuredmedia":[{"embeddable":true,"href":"https:\/\/cnctulua.tv\/index.php?rest_route=\/wp\/v2\/media\/38047"}],"wp:attachment":[{"href":"https:\/\/cnctulua.tv\/index.php?rest_route=%2Fwp%2Fv2%2Fmedia&parent=38026"}],"wp:term":[{"taxonomy":"category","embeddable":true,"href":"https:\/\/cnctulua.tv\/index.php?rest_route=%2Fwp%2Fv2%2Fcategories&post=38026"},{"taxonomy":"post_tag","embeddable":true,"href":"https:\/\/cnctulua.tv\/index.php?rest_route=%2Fwp%2Fv2%2Ftags&post=38026"}],"curies":[{"name":"wp","href":"https:\/\/api.w.org\/{rel}","templated":true}]}}