{"id":38027,"date":"2025-10-06T17:48:34","date_gmt":"2025-10-06T17:48:34","guid":{"rendered":"https:\/\/cnctulua.tv\/?p=38027"},"modified":"2025-10-06T17:48:34","modified_gmt":"2025-10-06T17:48:34","slug":"tulua-referente-regional-en-la-proteccion-de-la-ninez","status":"publish","type":"post","link":"https:\/\/cnctulua.tv\/?p=38027","title":{"rendered":"Tulu\u00e1, referente regional en la protecci\u00f3n de la ni\u00f1ez."},"content":{"rendered":"\n<p>En el marco del s\u00e9ptimo Comit\u00e9 Interinstitucional de Erradicaci\u00f3n del Trabajo Infantil (CIETI), el municipio de Tulu\u00e1 fue reconocido por sus importantes avances en la protecci\u00f3n de los derechos de la ni\u00f1ez y por su gesti\u00f3n en la erradicaci\u00f3n del trabajo infantil.<\/p>\n\n\n\n<figure class=\"wp-block-embed is-type-video is-provider-youtube wp-block-embed-youtube wp-embed-aspect-16-9 wp-has-aspect-ratio\"><div class=\"wp-block-embed__wrapper\">\nhttps:\/\/youtu.be\/0U8p475TJr0\n<\/div><\/figure>\n\n\n\n<p>El encuentro, que cont\u00f3 con la presencia de una delegada del Ministerio de Trabajo, resalt\u00f3 las acciones interinstitucionales que han permitido que los ni\u00f1os, ni\u00f1as y adolescentes tulue\u00f1os se mantengan en el sistema educativo y en entornos protectores.<\/p>\n\n\n\n<p>En Tulu\u00e1, actualmente no se registran casos activos de explotaci\u00f3n laboral infantil, resultado del trabajo articulado entre instituciones p\u00fablicas y privadas que promueven la educaci\u00f3n, la prevenci\u00f3n y la atenci\u00f3n integral de la infancia.<\/p>\n\n\n\n<p>Este reconocimiento se enmarca en los lineamientos del art\u00edculo 44 de la Constituci\u00f3n Pol\u00edtica de Colombia, que establece la obligaci\u00f3n del Estado y la sociedad de proteger a los menores contra cualquier forma de explotaci\u00f3n o maltrato.<\/p>\n\n\n\n<p>Tulu\u00e1 avanza as\u00ed en la consolidaci\u00f3n de pol\u00edticas p\u00fablicas enfocadas en garantizar la prevalencia de los derechos de la ni\u00f1ez.<\/p>\n","protected":false},"excerpt":{"rendered":"<p>En el marco del s\u00e9ptimo Comit\u00e9 Interinstitucional de Erradicaci\u00f3n del Trabajo Infantil (CIETI), el municipio de Tulu\u00e1 fue reconocido por sus importantes avances en la protecci\u00f3n de los derechos de la ni\u00f1ez y por su gesti\u00f3n en la erradicaci\u00f3n del trabajo infantil. El encuentro, que cont\u00f3 con la presencia de una delegada del Ministerio de [&hellip;]<\/p>\n","protected":false},"author":3,"featured_media":38048,"comment_status":"open","ping_status":"open","sticky":false,"template":"","format":"video","meta":{"footnotes":""},"categories":[10,1515],"tags":[],"class_list":["post-38027","post","type-post","status-publish","format-video","has-post-thumbnail","hentry","category-cnc-noticias-tulua","category-cnc-tulua","post_format-post-format-video"],"_links":{"self":[{"href":"https:\/\/cnctulua.tv\/index.php?rest_route=\/wp\/v2\/posts\/38027","targetHints":{"allow":["GET"]}}],"collection":[{"href":"https:\/\/cnctulua.tv\/index.php?rest_route=\/wp\/v2\/posts"}],"about":[{"href":"https:\/\/cnctulua.tv\/index.php?rest_route=\/wp\/v2\/types\/post"}],"author":[{"embeddable":true,"href":"https:\/\/cnctulua.tv\/index.php?rest_route=\/wp\/v2\/users\/3"}],"replies":[{"embeddable":true,"href":"https:\/\/cnctulua.tv\/index.php?rest_route=%2Fwp%2Fv2%2Fcomments&post=38027"}],"version-history":[{"count":1,"href":"https:\/\/cnctulua.tv\/index.php?rest_route=\/wp\/v2\/posts\/38027\/revisions"}],"predecessor-version":[{"id":38067,"href":"https:\/\/cnctulua.tv\/index.php?rest_route=\/wp\/v2\/posts\/38027\/revisions\/38067"}],"wp:featuredmedia":[{"embeddable":true,"href":"https:\/\/cnctulua.tv\/index.php?rest_route=\/wp\/v2\/media\/38048"}],"wp:attachment":[{"href":"https:\/\/cnctulua.tv\/index.php?rest_route=%2Fwp%2Fv2%2Fmedia&parent=38027"}],"wp:term":[{"taxonomy":"category","embeddable":true,"href":"https:\/\/cnctulua.tv\/index.php?rest_route=%2Fwp%2Fv2%2Fcategories&post=38027"},{"taxonomy":"post_tag","embeddable":true,"href":"https:\/\/cnctulua.tv\/index.php?rest_route=%2Fwp%2Fv2%2Ftags&post=38027"}],"curies":[{"name":"wp","href":"https:\/\/api.w.org\/{rel}","templated":true}]}}