{"id":38095,"date":"2025-10-07T17:33:00","date_gmt":"2025-10-07T17:33:00","guid":{"rendered":"https:\/\/cnctulua.tv\/?p=38095"},"modified":"2025-10-07T17:33:00","modified_gmt":"2025-10-07T17:33:00","slug":"tulua-impulsa-la-inclusion-deportiva-en-el-festival-de-buenaventura","status":"publish","type":"post","link":"https:\/\/cnctulua.tv\/?p=38095","title":{"rendered":"Tulu\u00e1 impulsa la inclusi\u00f3n deportiva en el Festival de Buenaventura."},"content":{"rendered":"\n<p>La Secretar\u00eda del Deporte y la Recreaci\u00f3n de Tulu\u00e1 confirm\u00f3 la participaci\u00f3n de su delegaci\u00f3n de paranataci\u00f3n en el Festival y Campeonato de Integraci\u00f3n Social de Buenaventura.<\/p>\n\n\n\n<figure class=\"wp-block-embed is-type-video is-provider-youtube wp-block-embed-youtube wp-embed-aspect-16-9 wp-has-aspect-ratio\"><div class=\"wp-block-embed__wrapper\">\n<iframe loading=\"lazy\" title=\"\ud83c\udf0a\ud83c\udfca\u200d\u2642\ufe0f Tulu\u00e1 presente en el Festival de Integraci\u00f3n Social de Buenaventura. \ud83c\udf1f\" width=\"640\" height=\"360\" src=\"https:\/\/www.youtube.com\/embed\/lp5ZNupDbUQ?feature=oembed\" frameborder=\"0\" allow=\"accelerometer; autoplay; clipboard-write; encrypted-media; gyroscope; picture-in-picture; web-share\" referrerpolicy=\"strict-origin-when-cross-origin\" allowfullscreen><\/iframe>\n<\/div><\/figure>\n\n\n\n<p>M\u00e1s de 20 deportistas tulue\u00f1os, incluidos ni\u00f1os y ni\u00f1as de los semilleros de 10 a 13 a\u00f1os, representar\u00e1n al municipio en las competencias oficiales, que se desarrollar\u00e1n bajo el reglamento nacional.<\/p>\n\n\n\n<p>El objetivo es que los atletas ganen experiencia y consoliden bases s\u00f3lidas para su crecimiento deportivo.<\/p>\n\n\n\n<p>La Alcald\u00eda de Tulu\u00e1 y la Secretar\u00eda del Deporte gestionaron el transporte gratuito y la inscripci\u00f3n sin costo para los participantes, en una muestra del compromiso institucional con la inclusi\u00f3n y la formaci\u00f3n deportiva.<\/p>\n\n\n\n<p>\u201cEste tipo de espacios son fundamentales para que nuestros deportistas vivan la experiencia competitiva y sigan creciendo\u201d, destac\u00f3 el entrenador Fernando Est\u00e9vez.<\/p>\n","protected":false},"excerpt":{"rendered":"<p>La Secretar\u00eda del Deporte y la Recreaci\u00f3n de Tulu\u00e1 confirm\u00f3 la participaci\u00f3n de su delegaci\u00f3n de paranataci\u00f3n en el Festival y Campeonato de Integraci\u00f3n Social de Buenaventura. M\u00e1s de 20 deportistas tulue\u00f1os, incluidos ni\u00f1os y ni\u00f1as de los semilleros de 10 a 13 a\u00f1os, representar\u00e1n al municipio en las competencias oficiales, que se desarrollar\u00e1n bajo [&hellip;]<\/p>\n","protected":false},"author":3,"featured_media":38126,"comment_status":"open","ping_status":"open","sticky":false,"template":"","format":"video","meta":{"footnotes":""},"categories":[10,1515],"tags":[],"class_list":["post-38095","post","type-post","status-publish","format-video","has-post-thumbnail","hentry","category-cnc-noticias-tulua","category-cnc-tulua","post_format-post-format-video"],"_links":{"self":[{"href":"https:\/\/cnctulua.tv\/index.php?rest_route=\/wp\/v2\/posts\/38095","targetHints":{"allow":["GET"]}}],"collection":[{"href":"https:\/\/cnctulua.tv\/index.php?rest_route=\/wp\/v2\/posts"}],"about":[{"href":"https:\/\/cnctulua.tv\/index.php?rest_route=\/wp\/v2\/types\/post"}],"author":[{"embeddable":true,"href":"https:\/\/cnctulua.tv\/index.php?rest_route=\/wp\/v2\/users\/3"}],"replies":[{"embeddable":true,"href":"https:\/\/cnctulua.tv\/index.php?rest_route=%2Fwp%2Fv2%2Fcomments&post=38095"}],"version-history":[{"count":1,"href":"https:\/\/cnctulua.tv\/index.php?rest_route=\/wp\/v2\/posts\/38095\/revisions"}],"predecessor-version":[{"id":38127,"href":"https:\/\/cnctulua.tv\/index.php?rest_route=\/wp\/v2\/posts\/38095\/revisions\/38127"}],"wp:featuredmedia":[{"embeddable":true,"href":"https:\/\/cnctulua.tv\/index.php?rest_route=\/wp\/v2\/media\/38126"}],"wp:attachment":[{"href":"https:\/\/cnctulua.tv\/index.php?rest_route=%2Fwp%2Fv2%2Fmedia&parent=38095"}],"wp:term":[{"taxonomy":"category","embeddable":true,"href":"https:\/\/cnctulua.tv\/index.php?rest_route=%2Fwp%2Fv2%2Fcategories&post=38095"},{"taxonomy":"post_tag","embeddable":true,"href":"https:\/\/cnctulua.tv\/index.php?rest_route=%2Fwp%2Fv2%2Ftags&post=38095"}],"curies":[{"name":"wp","href":"https:\/\/api.w.org\/{rel}","templated":true}]}}