{"id":38096,"date":"2025-10-07T17:37:50","date_gmt":"2025-10-07T17:37:50","guid":{"rendered":"https:\/\/cnctulua.tv\/?p=38096"},"modified":"2025-10-07T17:37:50","modified_gmt":"2025-10-07T17:37:50","slug":"miguel-angel-buritica-joven-tulueno-que-suena-con-la-seleccion-colombia-de-karate","status":"publish","type":"post","link":"https:\/\/cnctulua.tv\/?p=38096","title":{"rendered":"Miguel \u00c1ngel Buritic\u00e1, joven tulue\u00f1o que sue\u00f1a con la Selecci\u00f3n Colombia de karate."},"content":{"rendered":"\n<p>A sus 17 a\u00f1os, Miguel \u00c1ngel Buritic\u00e1 Ledezma contin\u00faa avanzando en su proceso como deportista de karate en Tulu\u00e1. Inici\u00f3 su formaci\u00f3n en 2022, y aunque tuvo algunas pausas, hoy acumula un a\u00f1o y ocho meses de pr\u00e1ctica constante.<\/p>\n\n\n\n<p><\/p>\n\n\n\n<figure class=\"wp-block-embed is-type-video is-provider-youtube wp-block-embed-youtube wp-embed-aspect-16-9 wp-has-aspect-ratio\"><div class=\"wp-block-embed__wrapper\">\n<iframe loading=\"lazy\" title=\"\ud83e\udd4b\ud83d\udcaa Historias del deporte tulue\u00f1o: Gregorio Viedma\" width=\"640\" height=\"360\" src=\"https:\/\/www.youtube.com\/embed\/fpBxGRoILfY?feature=oembed\" frameborder=\"0\" allow=\"accelerometer; autoplay; clipboard-write; encrypted-media; gyroscope; picture-in-picture; web-share\" referrerpolicy=\"strict-origin-when-cross-origin\" allowfullscreen><\/iframe>\n<\/div><\/figure>\n\n\n\n<p>Durante este tiempo ha participado en intercolegiados y juegos departamentales, competencias que le han permitido adquirir experiencia y proyectarse hacia nuevos retos.<\/p>\n\n\n\n<p>Su meta est\u00e1 clara: clasificar a la Selecci\u00f3n Colombia de karate y alcanzar un nivel competitivo que le permita representar al pa\u00eds en eventos continentales y mundiales.<\/p>\n\n\n\n<p>\u201cHay que ser disciplinado. Si uno tiene ganas y realmente le gusta, debe practicar sin miedo\u201d, afirm\u00f3 el deportista.<\/p>\n\n\n\n<p>Bajo la orientaci\u00f3n de su entrenadora Mayra, Miguel contin\u00faa perfeccionando su t\u00e9cnica y enfoc\u00e1ndose en alcanzar el m\u00e1ximo nivel dentro del deporte.<\/p>\n","protected":false},"excerpt":{"rendered":"<p>A sus 17 a\u00f1os, Miguel \u00c1ngel Buritic\u00e1 Ledezma contin\u00faa avanzando en su proceso como deportista de karate en Tulu\u00e1. Inici\u00f3 su formaci\u00f3n en 2022, y aunque tuvo algunas pausas, hoy acumula un a\u00f1o y ocho meses de pr\u00e1ctica constante. Durante este tiempo ha participado en intercolegiados y juegos departamentales, competencias que le han permitido adquirir [&hellip;]<\/p>\n","protected":false},"author":3,"featured_media":38130,"comment_status":"open","ping_status":"open","sticky":false,"template":"","format":"video","meta":{"footnotes":""},"categories":[10,1515],"tags":[],"class_list":["post-38096","post","type-post","status-publish","format-video","has-post-thumbnail","hentry","category-cnc-noticias-tulua","category-cnc-tulua","post_format-post-format-video"],"_links":{"self":[{"href":"https:\/\/cnctulua.tv\/index.php?rest_route=\/wp\/v2\/posts\/38096","targetHints":{"allow":["GET"]}}],"collection":[{"href":"https:\/\/cnctulua.tv\/index.php?rest_route=\/wp\/v2\/posts"}],"about":[{"href":"https:\/\/cnctulua.tv\/index.php?rest_route=\/wp\/v2\/types\/post"}],"author":[{"embeddable":true,"href":"https:\/\/cnctulua.tv\/index.php?rest_route=\/wp\/v2\/users\/3"}],"replies":[{"embeddable":true,"href":"https:\/\/cnctulua.tv\/index.php?rest_route=%2Fwp%2Fv2%2Fcomments&post=38096"}],"version-history":[{"count":1,"href":"https:\/\/cnctulua.tv\/index.php?rest_route=\/wp\/v2\/posts\/38096\/revisions"}],"predecessor-version":[{"id":38131,"href":"https:\/\/cnctulua.tv\/index.php?rest_route=\/wp\/v2\/posts\/38096\/revisions\/38131"}],"wp:featuredmedia":[{"embeddable":true,"href":"https:\/\/cnctulua.tv\/index.php?rest_route=\/wp\/v2\/media\/38130"}],"wp:attachment":[{"href":"https:\/\/cnctulua.tv\/index.php?rest_route=%2Fwp%2Fv2%2Fmedia&parent=38096"}],"wp:term":[{"taxonomy":"category","embeddable":true,"href":"https:\/\/cnctulua.tv\/index.php?rest_route=%2Fwp%2Fv2%2Fcategories&post=38096"},{"taxonomy":"post_tag","embeddable":true,"href":"https:\/\/cnctulua.tv\/index.php?rest_route=%2Fwp%2Fv2%2Ftags&post=38096"}],"curies":[{"name":"wp","href":"https:\/\/api.w.org\/{rel}","templated":true}]}}