{"id":38099,"date":"2025-10-07T16:45:58","date_gmt":"2025-10-07T16:45:58","guid":{"rendered":"https:\/\/cnctulua.tv\/?p=38099"},"modified":"2025-10-07T16:45:58","modified_gmt":"2025-10-07T16:45:58","slug":"golpe-a-disidencias-del-frente-57-y-la-jaime-martinez-en-el-valle","status":"publish","type":"post","link":"https:\/\/cnctulua.tv\/?p=38099","title":{"rendered":"Golpe a disidencias del Frente 57 y la \u2018Jaime Mart\u00ednez\u2019 en el Valle."},"content":{"rendered":"\n<p>Un contundente resultado contra las disidencias de las Farc dej\u00f3 las m\u00e1s recientes operaciones de la Fuerza P\u00fablica en el Valle del Cauca, desarrolladas en los municipios de San Pedro y Jamund\u00ed.<\/p>\n\n\n\n<figure class=\"wp-block-embed is-type-video is-provider-youtube wp-block-embed-youtube wp-embed-aspect-16-9 wp-has-aspect-ratio\"><div class=\"wp-block-embed__wrapper\">\n<iframe loading=\"lazy\" title=\"\u2694\ufe0f Golpe al Frente 57 y a la Jaime Mart\u00ednez en el Valle del Cauca.\" width=\"640\" height=\"360\" src=\"https:\/\/www.youtube.com\/embed\/8XUgb6euVUE?feature=oembed\" frameborder=\"0\" allow=\"accelerometer; autoplay; clipboard-write; encrypted-media; gyroscope; picture-in-picture; web-share\" referrerpolicy=\"strict-origin-when-cross-origin\" allowfullscreen><\/iframe>\n<\/div><\/figure>\n\n\n\n<p>En San Pedro, tres integrantes del Frente 57 \u2018Ya\u00edr Berm\u00fadez\u2019 fueron abatidos en medio de combates, mientras que uno m\u00e1s fue capturado. Entre los neutralizados se encontraba alias \u2018Jeffrey\u2019, se\u00f1alado como tercer cabecilla de esta estructura, presuntamente vinculado con delitos de extorsi\u00f3n, secuestro y hurto.<\/p>\n\n\n\n<p>La gobernadora del Valle del Cauca, Dilian Francisca Toro, afirm\u00f3 que este resultado fortalece las condiciones de seguridad en municipios como Bugalagrande, Buga, Sevilla y San Pedro, zonas donde esta organizaci\u00f3n manten\u00eda su accionar ilegal.<\/p>\n\n\n\n<p>\u201cContinuamos la ofensiva contra el crimen en el Valle del Cauca. En San Pedro fueron neutralizadas tres personas, entre ellas alias \u2018Jeffrey\u2019, un importante cabecilla del Frente 57\u201d, indic\u00f3 la mandataria.<\/p>\n\n\n\n<p>En otro punto del departamento, en el corregimiento de San Antonio, zona rural de Jamund\u00ed, fue capturado un presunto cabecilla de finanzas de la estructura \u2018Jaime Mart\u00ednez\u2019, quien result\u00f3 herido durante el enfrentamiento.<\/p>\n\n\n\n<p>El general Juan Oduber Rend\u00f3n, comandante de la Tercera Brigada del Ej\u00e9rcito, confirm\u00f3 la incautaci\u00f3n de dos armas de fuego, material de intendencia y equipos de comunicaci\u00f3n, los cuales fueron puestos a disposici\u00f3n de la Fiscal\u00eda General de la Naci\u00f3n.<\/p>\n\n\n\n<p>Estos resultados se enmarcan en la operaci\u00f3n Escudo del Norte, que busca reforzar la seguridad y el control territorial en el sur del Valle del Cauca.<\/p>\n","protected":false},"excerpt":{"rendered":"<p>Un contundente resultado contra las disidencias de las Farc dej\u00f3 las m\u00e1s recientes operaciones de la Fuerza P\u00fablica en el Valle del Cauca, desarrolladas en los municipios de San Pedro y Jamund\u00ed. En San Pedro, tres integrantes del Frente 57 \u2018Ya\u00edr Berm\u00fadez\u2019 fueron abatidos en medio de combates, mientras que uno m\u00e1s fue capturado. Entre [&hellip;]<\/p>\n","protected":false},"author":3,"featured_media":38114,"comment_status":"open","ping_status":"open","sticky":false,"template":"","format":"video","meta":{"footnotes":""},"categories":[10,1515],"tags":[],"class_list":["post-38099","post","type-post","status-publish","format-video","has-post-thumbnail","hentry","category-cnc-noticias-tulua","category-cnc-tulua","post_format-post-format-video"],"_links":{"self":[{"href":"https:\/\/cnctulua.tv\/index.php?rest_route=\/wp\/v2\/posts\/38099","targetHints":{"allow":["GET"]}}],"collection":[{"href":"https:\/\/cnctulua.tv\/index.php?rest_route=\/wp\/v2\/posts"}],"about":[{"href":"https:\/\/cnctulua.tv\/index.php?rest_route=\/wp\/v2\/types\/post"}],"author":[{"embeddable":true,"href":"https:\/\/cnctulua.tv\/index.php?rest_route=\/wp\/v2\/users\/3"}],"replies":[{"embeddable":true,"href":"https:\/\/cnctulua.tv\/index.php?rest_route=%2Fwp%2Fv2%2Fcomments&post=38099"}],"version-history":[{"count":1,"href":"https:\/\/cnctulua.tv\/index.php?rest_route=\/wp\/v2\/posts\/38099\/revisions"}],"predecessor-version":[{"id":38119,"href":"https:\/\/cnctulua.tv\/index.php?rest_route=\/wp\/v2\/posts\/38099\/revisions\/38119"}],"wp:featuredmedia":[{"embeddable":true,"href":"https:\/\/cnctulua.tv\/index.php?rest_route=\/wp\/v2\/media\/38114"}],"wp:attachment":[{"href":"https:\/\/cnctulua.tv\/index.php?rest_route=%2Fwp%2Fv2%2Fmedia&parent=38099"}],"wp:term":[{"taxonomy":"category","embeddable":true,"href":"https:\/\/cnctulua.tv\/index.php?rest_route=%2Fwp%2Fv2%2Fcategories&post=38099"},{"taxonomy":"post_tag","embeddable":true,"href":"https:\/\/cnctulua.tv\/index.php?rest_route=%2Fwp%2Fv2%2Ftags&post=38099"}],"curies":[{"name":"wp","href":"https:\/\/api.w.org\/{rel}","templated":true}]}}