{"id":38101,"date":"2025-10-07T17:03:57","date_gmt":"2025-10-07T17:03:57","guid":{"rendered":"https:\/\/cnctulua.tv\/?p=38101"},"modified":"2025-10-07T17:36:51","modified_gmt":"2025-10-07T17:36:51","slug":"feria-de-agroturismo-y-negocios-de-tulua-una-vitrina-nacional-para-el-emprendimiento","status":"publish","type":"post","link":"https:\/\/cnctulua.tv\/?p=38101","title":{"rendered":"Feria de Agroturismo y Negocios de Tulu\u00e1: una vitrina nacional para el emprendimiento."},"content":{"rendered":"\n<p>La C\u00e1mara de Comercio de Tulu\u00e1 realizar\u00e1 del 17 al 19 de octubre la 12\u00aa Feria de Agroturismo y Negocios, un espacio gratuito que busca promover el desarrollo empresarial y abrir oportunidades para los microempresarios del Valle del Cauca.<\/p>\n\n\n\n<figure class=\"wp-block-embed is-type-video is-provider-youtube wp-block-embed-youtube wp-embed-aspect-16-9 wp-has-aspect-ratio\"><div class=\"wp-block-embed__wrapper\">\n<iframe loading=\"lazy\" title=\"\ud83d\udcbc Tulu\u00e1 se consolida como centro de negocios nacional.\" width=\"640\" height=\"360\" src=\"https:\/\/www.youtube.com\/embed\/xya9rhplOoo?feature=oembed\" frameborder=\"0\" allow=\"accelerometer; autoplay; clipboard-write; encrypted-media; gyroscope; picture-in-picture; web-share\" referrerpolicy=\"strict-origin-when-cross-origin\" allowfullscreen><\/iframe>\n<\/div><\/figure>\n\n\n\n<p>Seg\u00fan explic\u00f3 Juli\u00e1n Andr\u00e9s Ortiz Mosquera, director de Desarrollo Empresarial de la entidad, el evento contar\u00e1 con la presencia de m\u00e1s de 200 expositores, el 40% provenientes de otras regiones del pa\u00eds, consolidando a Tulu\u00e1 como un centro de negocios con proyecci\u00f3n nacional.<\/p>\n\n\n\n<p>La feria incluir\u00e1 una rueda de negocios, conferencias sobre asociatividad, marketing digital y productividad, adem\u00e1s de muestras agroindustriales, gastron\u00f3micas y tur\u00edsticas.<\/p>\n\n\n\n<p>El evento espera superar los 40.000 visitantes, manteniendo su compromiso con la reactivaci\u00f3n econ\u00f3mica y el fortalecimiento del emprendimiento regional.<\/p>\n","protected":false},"excerpt":{"rendered":"<p>La C\u00e1mara de Comercio de Tulu\u00e1 realizar\u00e1 del 17 al 19 de octubre la 12\u00aa Feria de Agroturismo y Negocios, un espacio gratuito que busca promover el desarrollo empresarial y abrir oportunidades para los microempresarios del Valle del Cauca. Seg\u00fan explic\u00f3 Juli\u00e1n Andr\u00e9s Ortiz Mosquera, director de Desarrollo Empresarial de la entidad, el evento contar\u00e1 [&hellip;]<\/p>\n","protected":false},"author":3,"featured_media":38128,"comment_status":"open","ping_status":"open","sticky":false,"template":"","format":"video","meta":{"footnotes":""},"categories":[10,1515],"tags":[],"class_list":["post-38101","post","type-post","status-publish","format-video","has-post-thumbnail","hentry","category-cnc-noticias-tulua","category-cnc-tulua","post_format-post-format-video"],"_links":{"self":[{"href":"https:\/\/cnctulua.tv\/index.php?rest_route=\/wp\/v2\/posts\/38101","targetHints":{"allow":["GET"]}}],"collection":[{"href":"https:\/\/cnctulua.tv\/index.php?rest_route=\/wp\/v2\/posts"}],"about":[{"href":"https:\/\/cnctulua.tv\/index.php?rest_route=\/wp\/v2\/types\/post"}],"author":[{"embeddable":true,"href":"https:\/\/cnctulua.tv\/index.php?rest_route=\/wp\/v2\/users\/3"}],"replies":[{"embeddable":true,"href":"https:\/\/cnctulua.tv\/index.php?rest_route=%2Fwp%2Fv2%2Fcomments&post=38101"}],"version-history":[{"count":3,"href":"https:\/\/cnctulua.tv\/index.php?rest_route=\/wp\/v2\/posts\/38101\/revisions"}],"predecessor-version":[{"id":38129,"href":"https:\/\/cnctulua.tv\/index.php?rest_route=\/wp\/v2\/posts\/38101\/revisions\/38129"}],"wp:featuredmedia":[{"embeddable":true,"href":"https:\/\/cnctulua.tv\/index.php?rest_route=\/wp\/v2\/media\/38128"}],"wp:attachment":[{"href":"https:\/\/cnctulua.tv\/index.php?rest_route=%2Fwp%2Fv2%2Fmedia&parent=38101"}],"wp:term":[{"taxonomy":"category","embeddable":true,"href":"https:\/\/cnctulua.tv\/index.php?rest_route=%2Fwp%2Fv2%2Fcategories&post=38101"},{"taxonomy":"post_tag","embeddable":true,"href":"https:\/\/cnctulua.tv\/index.php?rest_route=%2Fwp%2Fv2%2Ftags&post=38101"}],"curies":[{"name":"wp","href":"https:\/\/api.w.org\/{rel}","templated":true}]}}