{"id":38105,"date":"2025-10-07T18:24:34","date_gmt":"2025-10-07T18:24:34","guid":{"rendered":"https:\/\/cnctulua.tv\/?p=38105"},"modified":"2025-10-07T18:24:34","modified_gmt":"2025-10-07T18:24:34","slug":"tren-de-cercanias-del-valle-proyecto-estrategico-para-la-region","status":"publish","type":"post","link":"https:\/\/cnctulua.tv\/?p=38105","title":{"rendered":"Tren de Cercan\u00edas del Valle, proyecto estrat\u00e9gico para la regi\u00f3n."},"content":{"rendered":"\n<p>El Consejo de Gobierno del Valle del Cauca declar\u00f3 al Tren de Cercan\u00edas como un proyecto estrat\u00e9gico departamental, al reconocer su papel fundamental en la movilidad, competitividad y sostenibilidad del territorio.<\/p>\n\n\n\n<figure class=\"wp-block-embed is-provider-youtube wp-block-embed-youtube\"><div class=\"wp-block-embed__wrapper\">\nhttps:\/\/youtu.be\/5tV-63FJQaA\n<\/div><\/figure>\n\n\n\n<p>El anuncio se dio durante una sesi\u00f3n presidida por la gobernadora Dilian Francisca Toro, quien confirm\u00f3 que el departamento ya cumpli\u00f3 con los requisitos financieros para aportar el 30% de la cofinanciaci\u00f3n del proyecto. Ahora, se espera el aval t\u00e9cnico del Ministerio de Transporte y la aprobaci\u00f3n de vigencias futuras para asegurar el resto del presupuesto.<\/p>\n\n\n\n<p>Frank Ram\u00edrez, secretario de Infraestructura del Valle, explic\u00f3 que esta declaratoria permitir\u00e1 garantizar recursos hasta el 2039 para desarrollar el tramo priorizado entre Cali y Jamund\u00ed.<\/p>\n\n\n\n<p>\u201cLa meta es que a mediados de octubre se firme el convenio de financiaci\u00f3n y en enero de 2026 se inicie el proceso de licitaci\u00f3n\u201d, precis\u00f3 el funcionario.<\/p>\n\n\n\n<p>El Tren de Cercan\u00edas conectar\u00e1 a Cali, Jamund\u00ed, Yumbo y Palmira, contribuyendo a reducir tiempos de desplazamiento y emisiones contaminantes, adem\u00e1s de impulsar la integraci\u00f3n regional.<\/p>\n\n\n\n<p>Con esta decisi\u00f3n, el Gobierno departamental avanza hacia la consolidaci\u00f3n de un sistema de transporte moderno y sostenible para el Valle del Cauca.<\/p>\n","protected":false},"excerpt":{"rendered":"<p>El Consejo de Gobierno del Valle del Cauca declar\u00f3 al Tren de Cercan\u00edas como un proyecto estrat\u00e9gico departamental, al reconocer su papel fundamental en la movilidad, competitividad y sostenibilidad del territorio. El anuncio se dio durante una sesi\u00f3n presidida por la gobernadora Dilian Francisca Toro, quien confirm\u00f3 que el departamento ya cumpli\u00f3 con los requisitos [&hellip;]<\/p>\n","protected":false},"author":3,"featured_media":38143,"comment_status":"open","ping_status":"open","sticky":false,"template":"","format":"video","meta":{"footnotes":""},"categories":[10,1515],"tags":[],"class_list":["post-38105","post","type-post","status-publish","format-video","has-post-thumbnail","hentry","category-cnc-noticias-tulua","category-cnc-tulua","post_format-post-format-video"],"_links":{"self":[{"href":"https:\/\/cnctulua.tv\/index.php?rest_route=\/wp\/v2\/posts\/38105","targetHints":{"allow":["GET"]}}],"collection":[{"href":"https:\/\/cnctulua.tv\/index.php?rest_route=\/wp\/v2\/posts"}],"about":[{"href":"https:\/\/cnctulua.tv\/index.php?rest_route=\/wp\/v2\/types\/post"}],"author":[{"embeddable":true,"href":"https:\/\/cnctulua.tv\/index.php?rest_route=\/wp\/v2\/users\/3"}],"replies":[{"embeddable":true,"href":"https:\/\/cnctulua.tv\/index.php?rest_route=%2Fwp%2Fv2%2Fcomments&post=38105"}],"version-history":[{"count":1,"href":"https:\/\/cnctulua.tv\/index.php?rest_route=\/wp\/v2\/posts\/38105\/revisions"}],"predecessor-version":[{"id":38145,"href":"https:\/\/cnctulua.tv\/index.php?rest_route=\/wp\/v2\/posts\/38105\/revisions\/38145"}],"wp:featuredmedia":[{"embeddable":true,"href":"https:\/\/cnctulua.tv\/index.php?rest_route=\/wp\/v2\/media\/38143"}],"wp:attachment":[{"href":"https:\/\/cnctulua.tv\/index.php?rest_route=%2Fwp%2Fv2%2Fmedia&parent=38105"}],"wp:term":[{"taxonomy":"category","embeddable":true,"href":"https:\/\/cnctulua.tv\/index.php?rest_route=%2Fwp%2Fv2%2Fcategories&post=38105"},{"taxonomy":"post_tag","embeddable":true,"href":"https:\/\/cnctulua.tv\/index.php?rest_route=%2Fwp%2Fv2%2Ftags&post=38105"}],"curies":[{"name":"wp","href":"https:\/\/api.w.org\/{rel}","templated":true}]}}