{"id":38111,"date":"2025-10-07T18:03:51","date_gmt":"2025-10-07T18:03:51","guid":{"rendered":"https:\/\/cnctulua.tv\/?p=38111"},"modified":"2025-10-07T18:03:51","modified_gmt":"2025-10-07T18:03:51","slug":"kevin-quintero-lidero-al-valle-en-el-nacional-de-pista","status":"publish","type":"post","link":"https:\/\/cnctulua.tv\/?p=38111","title":{"rendered":"Kevin Quintero lider\u00f3 al Valle en el Nacional de Pista."},"content":{"rendered":"\n<p>El Valle del Cauca se qued\u00f3 con el subt\u00edtulo del Campeonato Nacional de Pista, evento que finaliz\u00f3 en Cali y que reuni\u00f3 a los mejores exponentes del ciclismo colombiano.<\/p>\n\n\n\n<figure class=\"wp-block-embed is-type-video is-provider-youtube wp-block-embed-youtube wp-embed-aspect-16-9 wp-has-aspect-ratio\"><div class=\"wp-block-embed__wrapper\">\n<iframe loading=\"lazy\" title=\"\ud83d\udeb4\u200d\u2642\ufe0f Valle del Cauca subcampe\u00f3n nacional de pista. \ud83c\udfc5\" width=\"640\" height=\"360\" src=\"https:\/\/www.youtube.com\/embed\/YFj7f9rIOjQ?feature=oembed\" frameborder=\"0\" allow=\"accelerometer; autoplay; clipboard-write; encrypted-media; gyroscope; picture-in-picture; web-share\" referrerpolicy=\"strict-origin-when-cross-origin\" allowfullscreen><\/iframe>\n<\/div><\/figure>\n\n\n\n<p>La gran figura del certamen fue el vallecaucano Kevin Quintero, quien conquist\u00f3 cuatro medallas de oro en las pruebas de velocidad. Su desempe\u00f1o confirma el excelente momento deportivo que atraviesa y lo proyecta como una de las cartas fuertes de Colombia para el Mundial de Pista, que se realizar\u00e1 en los pr\u00f3ximos d\u00edas.<\/p>\n\n\n\n<p>\u201cLas cuatro pruebas que compet\u00ed las gan\u00e9 con un muy buen desempe\u00f1o. Esta preparaci\u00f3n la hacemos con miras al Mundial y siempre me llena de orgullo representar al Valle\u201d, afirm\u00f3 Quintero.<\/p>\n\n\n\n<p>El certamen dej\u00f3 como balance general un alto nivel de competencia y evidenci\u00f3 el crecimiento del ciclismo nacional en todas sus categor\u00edas.<\/p>\n","protected":false},"excerpt":{"rendered":"<p>El Valle del Cauca se qued\u00f3 con el subt\u00edtulo del Campeonato Nacional de Pista, evento que finaliz\u00f3 en Cali y que reuni\u00f3 a los mejores exponentes del ciclismo colombiano. La gran figura del certamen fue el vallecaucano Kevin Quintero, quien conquist\u00f3 cuatro medallas de oro en las pruebas de velocidad. Su desempe\u00f1o confirma el excelente [&hellip;]<\/p>\n","protected":false},"author":3,"featured_media":38138,"comment_status":"open","ping_status":"open","sticky":false,"template":"","format":"video","meta":{"footnotes":""},"categories":[10,1515],"tags":[],"class_list":["post-38111","post","type-post","status-publish","format-video","has-post-thumbnail","hentry","category-cnc-noticias-tulua","category-cnc-tulua","post_format-post-format-video"],"_links":{"self":[{"href":"https:\/\/cnctulua.tv\/index.php?rest_route=\/wp\/v2\/posts\/38111","targetHints":{"allow":["GET"]}}],"collection":[{"href":"https:\/\/cnctulua.tv\/index.php?rest_route=\/wp\/v2\/posts"}],"about":[{"href":"https:\/\/cnctulua.tv\/index.php?rest_route=\/wp\/v2\/types\/post"}],"author":[{"embeddable":true,"href":"https:\/\/cnctulua.tv\/index.php?rest_route=\/wp\/v2\/users\/3"}],"replies":[{"embeddable":true,"href":"https:\/\/cnctulua.tv\/index.php?rest_route=%2Fwp%2Fv2%2Fcomments&post=38111"}],"version-history":[{"count":1,"href":"https:\/\/cnctulua.tv\/index.php?rest_route=\/wp\/v2\/posts\/38111\/revisions"}],"predecessor-version":[{"id":38139,"href":"https:\/\/cnctulua.tv\/index.php?rest_route=\/wp\/v2\/posts\/38111\/revisions\/38139"}],"wp:featuredmedia":[{"embeddable":true,"href":"https:\/\/cnctulua.tv\/index.php?rest_route=\/wp\/v2\/media\/38138"}],"wp:attachment":[{"href":"https:\/\/cnctulua.tv\/index.php?rest_route=%2Fwp%2Fv2%2Fmedia&parent=38111"}],"wp:term":[{"taxonomy":"category","embeddable":true,"href":"https:\/\/cnctulua.tv\/index.php?rest_route=%2Fwp%2Fv2%2Fcategories&post=38111"},{"taxonomy":"post_tag","embeddable":true,"href":"https:\/\/cnctulua.tv\/index.php?rest_route=%2Fwp%2Fv2%2Ftags&post=38111"}],"curies":[{"name":"wp","href":"https:\/\/api.w.org\/{rel}","templated":true}]}}